{"dados":[{"ementa":"Determina o exerc\u00edcio provis\u00f3rio de atividades administrativas, define local de lota\u00e7\u00e3o e atribui compet\u00eancia para designa\u00e7\u00e3o de tarefas da servidora Tatiane Silva Sim\u00e3o no curso do Processo de Readapta\u00e7\u00e3o Funcional n\u00ba 003\/2026.","dataAtualizacao":"2026-04-30 15:39:41","dataInicioVigencia":null,"dataFimVigencia":null,"data":"2026-04-30","numero":16539,"categoria":"Portaria","situacao":"Em vigor","descricao":""},{"ementa":"Designar o servidor Mikael Muller Rafael como Defensor Dativo para atuar no Processo Administrativo Disciplinar n\u00ba 11\/2025.","dataAtualizacao":"2026-04-30 15:38:49","dataInicioVigencia":null,"dataFimVigencia":null,"data":"2026-04-30","numero":16538,"categoria":"Portaria","situacao":"Em vigor","descricao":""},{"ementa":"Designar o servidor Mikael Muller Rafael como Defensor Dativo para atuar no Processo Administrativo Disciplinar n\u00ba 10\/2025.","dataAtualizacao":"2026-04-30 15:38:14","dataInicioVigencia":null,"dataFimVigencia":null,"data":"2026-04-30","numero":16537,"categoria":"Portaria","situacao":"Em vigor","descricao":""},{"ementa":"Disp\u00f5e sobre reenquadramento de servidores municipais, em decorr\u00eancia de promo\u00e7\u00e3o por tempo de servi\u00e7o.","dataAtualizacao":"2026-04-30 15:37:44","dataInicioVigencia":null,"dataFimVigencia":null,"data":"2026-04-30","numero":16536,"categoria":"Portaria","situacao":"Em vigor","descricao":""},{"ementa":"Contrata Ana Beatriz Mendes da Gl\u00f3ria para o emprego permanente de Monitora de Creche, CEPEM E CEMEI.","dataAtualizacao":"2026-04-30 15:27:31","dataInicioVigencia":null,"dataFimVigencia":null,"data":"2026-04-29","numero":16535,"categoria":"Portaria","situacao":"Em vigor","descricao":""},{"ementa":"Determina a instaura\u00e7\u00e3o de Sindic\u00e2ncia Administrativa para apura\u00e7\u00e3o de fatos envolvendo a empregada p\u00fablica municipal M L C T, e d\u00e1 outras provid\u00eancias.","dataAtualizacao":"2026-04-30 15:26:51","dataInicioVigencia":null,"dataFimVigencia":null,"data":"2026-04-29","numero":16534,"categoria":"Portaria","situacao":"Em vigor","descricao":""},{"ementa":"Disp\u00f5e sobre a altera\u00e7\u00e3o da jornada de trabalho da servidora Fernanda Aparecida Silveira.","dataAtualizacao":"2026-04-30 15:21:39","dataInicioVigencia":null,"dataFimVigencia":null,"data":"2026-04-29","numero":16533,"categoria":"Portaria","situacao":"Em vigor","descricao":""},{"ementa":"Disp\u00f5e sobre a designa\u00e7\u00e3o da servidora Aline Pereira da Silva como Gestora de Contratos e Atas de Registro de Pre\u00e7os.","dataAtualizacao":"2026-04-28 14:45:25","dataInicioVigencia":null,"dataFimVigencia":null,"data":"2026-04-28","numero":16532,"categoria":"Portaria","situacao":"Em vigor","descricao":""},{"ementa":"Designa Gestor e Fiscal do Contrato n\u00ba 10\/2026, referente ao Processo n\u00ba 098\/2025, na modalidade Concorr\u00eancia Eletr\u00f4nica n\u00ba 04\/2025.","dataAtualizacao":"2026-04-28 14:44:40","dataInicioVigencia":null,"dataFimVigencia":null,"data":"2026-04-27","numero":16531,"categoria":"Portaria","situacao":"Em vigor","descricao":""},{"ementa":"Estabelece novo local e hor\u00e1rio de trabalho para a servidora Elaisa Cristina de Oliveira Sim\u00f5es, Auxiliar Administrativo.","dataAtualizacao":"2026-04-24 16:21:06","dataInicioVigencia":null,"dataFimVigencia":null,"data":"2026-04-24","numero":16530,"categoria":"Portaria","situacao":"Em vigor","descricao":""},{"ementa":"Designa a servidora Roselaine de Freitas Barbosa para substituir Isabela Fernandes Antoniassi de Souza, durante suas f\u00e9rias, faltas e em quaisquer impedimentos.","dataAtualizacao":"2026-04-24 16:20:27","dataInicioVigencia":null,"dataFimVigencia":null,"data":"2026-04-24","numero":16529,"categoria":"Portaria","situacao":"Em vigor","descricao":""},{"ementa":"&quot;Revoga a Lei Municipal n\u00ba 4.437, de 08 de fevereiro de 2.022, e d\u00e1 outras provid\u00eancias.&quot;","dataAtualizacao":"2026-04-27 08:39:40","dataInicioVigencia":null,"dataFimVigencia":null,"data":"2026-04-24","numero":5211,"categoria":"Lei Ordin\u00e1ria","situacao":"Em vigor","descricao":""},{"ementa":"Disp\u00f5e sobre abertura de cr\u00e9dito adicional especial no valor de R$ 70.000,00, altera a LDO e d\u00e1 outras provid\u00eancias.","dataAtualizacao":"2026-04-27 08:39:00","dataInicioVigencia":null,"dataFimVigencia":null,"data":"2026-04-24","numero":5210,"categoria":"Lei Ordin\u00e1ria","situacao":"Em vigor","descricao":""},{"ementa":"\u201cDisp\u00f5e sobre a cria\u00e7\u00e3o de empregos p\u00fablicos que especifica e d\u00e1 outras provid\u00eancias.\u201d","dataAtualizacao":"2026-04-27 08:38:23","dataInicioVigencia":null,"dataFimVigencia":null,"data":"2026-04-24","numero":5209,"categoria":"Lei Ordin\u00e1ria","situacao":"Em vigor","descricao":""},{"ementa":"Abre no or\u00e7amento vigente cr\u00e9dito adicional suplementar no valor de R$ 495.400,00 e da outras provid\u00eancias.","dataAtualizacao":"2026-04-27 08:38:06","dataInicioVigencia":null,"dataFimVigencia":null,"data":"2026-04-24","numero":5208,"categoria":"Lei Ordin\u00e1ria","situacao":"Em vigor","descricao":""},{"ementa":"Disp\u00f5e sobre abertura de cr\u00e9dito suplementar no valor de R$ 171.400,00 e d\u00e1 outras provid\u00eancias.","dataAtualizacao":"2026-04-27 08:37:33","dataInicioVigencia":null,"dataFimVigencia":null,"data":"2026-04-24","numero":5207,"categoria":"Lei Ordin\u00e1ria","situacao":"Em vigor","descricao":""},{"ementa":"Inclui  Programas no PPA e abre cr\u00e9ditos adicionais especiais no valor Total de R$ 370.000,00 e d\u00e1 outras provid\u00eancias.","dataAtualizacao":"2026-04-27 08:37:49","dataInicioVigencia":null,"dataFimVigencia":null,"data":"2026-04-24","numero":5206,"categoria":"Lei Ordin\u00e1ria","situacao":"Em vigor","descricao":""},{"ementa":"Inclui A\u00e7\u00e3o na LDO e abre cr\u00e9dito adicional especial no valor Total de R$ 165.000,00 e d\u00e1 outras provid\u00eancias.","dataAtualizacao":"2026-04-27 08:34:40","dataInicioVigencia":null,"dataFimVigencia":null,"data":"2026-04-24","numero":5205,"categoria":"Lei Ordin\u00e1ria","situacao":"Em vigor","descricao":""},{"ementa":"Inclui A\u00e7\u00e3o na LDO e abre cr\u00e9ditos adicionais especiais no valor Total de R$ 99.500,00 e d\u00e1 outras provid\u00eancias.","dataAtualizacao":"2026-04-27 08:34:05","dataInicioVigencia":null,"dataFimVigencia":null,"data":"2026-04-24","numero":5204,"categoria":"Lei Ordin\u00e1ria","situacao":"Em vigor","descricao":""},{"ementa":"Disp\u00f5e sobre a altera\u00e7\u00e3o dos \u00a7\u00a7 3\u00ba e 8\u00ba do art. 29 da Lei Municipal n\u00ba 4.348, de 03 de agosto de 2021, e d\u00e1 outras provid\u00eancias.","dataAtualizacao":"2026-04-27 08:33:35","dataInicioVigencia":null,"dataFimVigencia":null,"data":"2026-04-24","numero":5203,"categoria":"Lei Ordin\u00e1ria","situacao":"Em vigor","descricao":""},{"ementa":"&quot;Altera o \u00a7 1\u00ba do art. 68 da Lei Municipal n\u00ba 4.686, de 22 de mar\u00e7o de 2023, que estabelece a Estrutura e Funcionamento do Conselho Tutelar de Ipu\u00e3, Estado de S\u00e3o Paulo, e d\u00e1 outras provid\u00eancias.&quot;","dataAtualizacao":"2026-04-27 08:32:35","dataInicioVigencia":null,"dataFimVigencia":null,"data":"2026-04-24","numero":5202,"categoria":"Lei Ordin\u00e1ria","situacao":"Em vigor","descricao":""},{"ementa":"Extingue o emprego p\u00fablico que especifica e d\u00e1 outras provid\u00eancias.","dataAtualizacao":"2026-04-27 08:31:50","dataInicioVigencia":null,"dataFimVigencia":null,"data":"2026-04-24","numero":5201,"categoria":"Lei Ordin\u00e1ria","situacao":"Em vigor","descricao":""},{"ementa":"\u201cAltera a Lei Municipal n\u00ba 4.669, de 01 de mar\u00e7o de 2023, para adequar a denomina\u00e7\u00e3o e as atribui\u00e7\u00f5es da Comiss\u00e3o Interna de Preven\u00e7\u00e3o de Acidentes, passando a dispor sobre a Comiss\u00e3o Interna de Preven\u00e7\u00e3o de Acidentes e Ass\u00e9dio \u2013 CIPA, e d\u00e1 outras\r\nprovid\u00eancias.\u201d","dataAtualizacao":"2026-04-27 08:31:03","dataInicioVigencia":null,"dataFimVigencia":null,"data":"2026-04-24","numero":5200,"categoria":"Lei Ordin\u00e1ria","situacao":"Em vigor","descricao":""},{"ementa":"Regulamenta Lei 5.210\/2026, que disp\u00f5e sobre abertura de cr\u00e9dito adicional especial no valor de R$ 70.000,00, altera a LDO e d\u00e1 outras provid\u00eancias.","dataAtualizacao":"2026-04-27 08:47:51","dataInicioVigencia":null,"dataFimVigencia":null,"data":"2026-04-24","numero":4994,"categoria":"Decreto","situacao":"Em vigor","descricao":""},{"ementa":"Regulamenta Lei 5.208\/2026, que abre no or\u00e7amento vigente cr\u00e9dito adicional suplementar no valor de R$ 495.400,00 e da outras provid\u00eancias.","dataAtualizacao":"2026-04-27 08:47:13","dataInicioVigencia":null,"dataFimVigencia":null,"data":"2026-04-24","numero":4993,"categoria":"Decreto","situacao":"Em vigor","descricao":""},{"ementa":"Regulamenta Lei 5.207\/2026, que disp\u00f5e sobre abertura de cr\u00e9dito suplementar no valor de R$ 171.400,00 e d\u00e1 outras provid\u00eancias.","dataAtualizacao":"2026-04-27 08:45:51","dataInicioVigencia":null,"dataFimVigencia":null,"data":"2026-04-24","numero":4992,"categoria":"Decreto","situacao":"Em vigor","descricao":""},{"ementa":"Regulamenta Lei 5.206\/2026, que inclui  Programas no PPA e abre cr\u00e9ditos adicionais especiais no valor Total de R$ 370.000,00 e d\u00e1 outras provid\u00eancias.","dataAtualizacao":"2026-04-27 08:45:18","dataInicioVigencia":null,"dataFimVigencia":null,"data":"2026-04-24","numero":4991,"categoria":"Decreto","situacao":"Em vigor","descricao":""},{"ementa":"Regulamenta Lei 5.205\/2026, que inclui A\u00e7\u00e3o na LDO e abre cr\u00e9dito adicional especial no valor Total de R$ 165.000,00 e d\u00e1 outras provid\u00eancias.","dataAtualizacao":"2026-04-27 08:44:48","dataInicioVigencia":null,"dataFimVigencia":null,"data":"2026-04-24","numero":4990,"categoria":"Decreto","situacao":"Em vigor","descricao":""},{"ementa":"Regulamenta Lei 5.204\/2026, que inclui A\u00e7\u00e3o na LDO e abre cr\u00e9ditos adicionais especiais no valor Total de R$ 99.500,00 e d\u00e1 outras provid\u00eancias.","dataAtualizacao":"2026-04-27 08:44:14","dataInicioVigencia":null,"dataFimVigencia":null,"data":"2026-04-24","numero":4989,"categoria":"Decreto","situacao":"Em vigor","descricao":""},{"ementa":"Designa Comiss\u00e3o de Monitoramento e Avalia\u00e7\u00e3o referente ao Termo de Colabora\u00e7\u00e3o n\u00ba 01\/2026, e d\u00e1 outras provid\u00eancias","dataAtualizacao":"2026-04-24 16:18:57","dataInicioVigencia":null,"dataFimVigencia":null,"data":"2026-04-22","numero":16528,"categoria":"Portaria","situacao":"Em vigor","descricao":""},{"ementa":"Designa Gestor para o Termo de Colabora\u00e7\u00e3o n\u00ba 01\/2026 e d\u00e1 outras provid\u00eancias.","dataAtualizacao":"2026-04-24 16:18:33","dataInicioVigencia":null,"dataFimVigencia":null,"data":"2026-04-22","numero":16527,"categoria":"Portaria","situacao":"Em vigor","descricao":""},{"ementa":"Disp\u00f5e sobre a exonera\u00e7\u00e3o de Edison Moreira, ocupante do emprego de Motorista.","dataAtualizacao":"2026-04-24 16:17:59","dataInicioVigencia":null,"dataFimVigencia":null,"data":"2026-04-22","numero":16526,"categoria":"Portaria","situacao":"Em vigor","descricao":""},{"ementa":"Estabelece novo local e hor\u00e1rio de trabalho para a servidora Ana Maria Moreira, Agente de Apoio \u00e0 Sa\u00fade.","dataAtualizacao":"2026-04-24 16:17:35","dataInicioVigencia":null,"dataFimVigencia":null,"data":"2026-04-22","numero":16525,"categoria":"Portaria","situacao":"Em vigor","descricao":""},{"ementa":"Estabelece novo hor\u00e1rio de trabalho para o servidor Rodrigo Vinicius Fugio, Engenheiro Civil.","dataAtualizacao":"2026-04-24 16:17:04","dataInicioVigencia":null,"dataFimVigencia":null,"data":"2026-04-22","numero":16524,"categoria":"Portaria","situacao":"Em vigor","descricao":""},{"ementa":"Designa Comiss\u00e3o para Avalia\u00e7\u00e3o de Amostras para o Processo Licitat\u00f3rio n\u00ba 122\/2025, na modalidade Preg\u00e3o Eletr\u00f4nico n\u00ba 066\/2025.","dataAtualizacao":"2026-04-24 16:15:07","dataInicioVigencia":null,"dataFimVigencia":null,"data":"2026-04-17","numero":16523,"categoria":"Portaria","situacao":"Em vigor","descricao":""},{"ementa":"Convoca a empregada p\u00fablica Elaisa Cristina de Oliveira Sim\u00f5es para retorno antecipado \u00e0s atividades e d\u00e1 outras provid\u00eancias.","dataAtualizacao":"2026-04-24 16:14:46","dataInicioVigencia":null,"dataFimVigencia":null,"data":"2026-04-17","numero":16522,"categoria":"Portaria","situacao":"Em vigor","descricao":""},{"ementa":"Designa Gestor e Fiscal do Contrato n\u00ba 009\/2026, referente ao Processo Administrativo n\u00ba 042\/2026, Inexigibilidade de Licita\u00e7\u00e3o n\u00ba 008\/2026.","dataAtualizacao":"2026-04-24 16:14:21","dataInicioVigencia":null,"dataFimVigencia":null,"data":"2026-04-17","numero":16521,"categoria":"Portaria","situacao":"Em vigor","descricao":""},{"ementa":"Disp\u00f5e sobre a contrata\u00e7\u00e3o tempor\u00e1ria de Nilsa Bispo de Oliveira para o exerc\u00edcio do emprego de Merendeira.","dataAtualizacao":"2026-04-24 16:13:53","dataInicioVigencia":null,"dataFimVigencia":null,"data":"2026-04-17","numero":16520,"categoria":"Portaria","situacao":"Em vigor","descricao":""},{"ementa":"Estabelece novo local e hor\u00e1rio de trabalho para a servidora L\u00edgia de Oliveira Ramos, Ajudante de Manuten\u00e7\u00e3o.","dataAtualizacao":"2026-04-24 16:13:20","dataInicioVigencia":null,"dataFimVigencia":null,"data":"2026-04-16","numero":16519,"categoria":"Portaria","situacao":"Em vigor","descricao":""},{"ementa":"Disp\u00f5e sobre o planejamento de f\u00e9rias e recesso escolar dos servidores da Educa\u00e7\u00e3o da Rede Municipal de Ensino e d\u00e1 outras provid\u00eancias.","dataAtualizacao":"2026-04-24 16:37:48","dataInicioVigencia":null,"dataFimVigencia":null,"data":"2026-04-16","numero":4988,"categoria":"Decreto","situacao":"Em vigor","descricao":""},{"ementa":"Designa Pregoeiro e Equipe de Apoio para o Processo Licitat\u00f3rio n\u00ba 041\/2026, na modalidade Preg\u00e3o Eletr\u00f4nico n\u00ba 017\/2026.","dataAtualizacao":"2026-04-24 16:12:50","dataInicioVigencia":null,"dataFimVigencia":null,"data":"2026-04-15","numero":16518,"categoria":"Portaria","situacao":"Em vigor","descricao":""},{"ementa":"Disp\u00f5e sobre a aplica\u00e7\u00e3o de penalidade de suspens\u00e3o \u00e0 empregada p\u00fablica municipal ANA CAROLINA COBIANCHI C\u00c2NDIDO e d\u00e1 outras provid\u00eancias.","dataAtualizacao":"2026-04-24 16:12:24","dataInicioVigencia":null,"dataFimVigencia":null,"data":"2026-04-15","numero":16517,"categoria":"Portaria","situacao":"Em vigor","descricao":""},{"ementa":"Designa o servidor Marcelo Rufini para substituir Wagner Hensel de Mattos, durante as suas f\u00e9rias.","dataAtualizacao":"2026-04-24 16:11:54","dataInicioVigencia":null,"dataFimVigencia":null,"data":"2026-04-15","numero":16516,"categoria":"Portaria","situacao":"Em vigor","descricao":""},{"ementa":"Designa Pregoeiro e Equipe de Apoio para o Processo Licitat\u00f3rio n\u00ba 040\/2026, na modalidade Preg\u00e3o Eletr\u00f4nico n\u00ba 016\/2026.","dataAtualizacao":"2026-04-24 16:09:00","dataInicioVigencia":null,"dataFimVigencia":null,"data":"2026-04-14","numero":16515,"categoria":"Portaria","situacao":"Em vigor","descricao":""},{"ementa":"Designa Comiss\u00e3o para Avalia\u00e7\u00e3o de Amostras para o Processo Licitat\u00f3rio n\u00ba 039\/2026, na modalidade Preg\u00e3o Eletr\u00f4nico n\u00ba 015\/2026.","dataAtualizacao":"2026-04-24 16:07:00","dataInicioVigencia":null,"dataFimVigencia":null,"data":"2026-04-14","numero":16514,"categoria":"Portaria","situacao":"Em vigor","descricao":""},{"ementa":"Designa Pregoeiro e Equipe de Apoio para o Processo Licitat\u00f3rio n\u00ba 039\/2026, na modalidade Preg\u00e3o Eletr\u00f4nico n\u00ba 015\/2026.","dataAtualizacao":"2026-04-24 16:06:23","dataInicioVigencia":null,"dataFimVigencia":null,"data":"2026-04-14","numero":16513,"categoria":"Portaria","situacao":"Em vigor","descricao":""},{"ementa":"Disp\u00f5e sobre a exonera\u00e7\u00e3o de Rosimar Aparecida Fortunato, ocupante do cargo em comiss\u00e3o de Assessor Especial de Gabinete II.","dataAtualizacao":"2026-04-24 16:05:41","dataInicioVigencia":null,"dataFimVigencia":null,"data":"2026-04-13","numero":16512,"categoria":"Portaria","situacao":"Em vigor","descricao":""},{"ementa":"Disp\u00f5e sobre a exonera\u00e7\u00e3o de Thiago Crestani Zaneti, ocupante do cargo em comiss\u00e3o de Assessor Especial de Gabinete I.","dataAtualizacao":"2026-04-24 16:05:06","dataInicioVigencia":null,"dataFimVigencia":null,"data":"2026-04-13","numero":16511,"categoria":"Portaria","situacao":"Em vigor","descricao":""},{"ementa":"Abre no or\u00e7amento vigente cr\u00e9dito adicional suplementar no valor de R$ 517.000,00 e da outras provid\u00eancias.","dataAtualizacao":"2026-04-28 14:42:33","dataInicioVigencia":null,"dataFimVigencia":null,"data":"2026-04-13","numero":4987,"categoria":"Decreto","situacao":"Em vigor","descricao":""},{"ementa":"\u201cAcrescenta artigo ao Decreto Municipal 4.802 de 19 de maio de 2025, que disp\u00f5e sobre o transporte de estudantes no Munic\u00edpio de Ipu\u00e3, e d\u00e1 outras provid\u00eancias\u201d.","dataAtualizacao":"2026-04-24 16:36:40","dataInicioVigencia":null,"dataFimVigencia":null,"data":"2026-04-13","numero":4986,"categoria":"Decreto","situacao":"Em vigor","descricao":""},{"ementa":"Disp\u00f5e sobre o expediente excepcional nas reparti\u00e7\u00f5es p\u00fablicas municipais no dia 17 de abril de 2026.","dataAtualizacao":"2026-04-24 16:35:35","dataInicioVigencia":null,"dataFimVigencia":null,"data":"2026-04-13","numero":4985,"categoria":"Decreto","situacao":"Em vigor","descricao":""},{"ementa":"Estabelece novo local e hor\u00e1rio de trabalho para a servidora Camila de Castro Pereira, Auxiliar Administrativo.","dataAtualizacao":"2026-04-24 16:04:35","dataInicioVigencia":null,"dataFimVigencia":null,"data":"2026-04-10","numero":16510,"categoria":"Portaria","situacao":"Em vigor","descricao":""},{"ementa":"Estabelece novo local e hor\u00e1rio de trabalho para a servidora Ashley Romanato Mendes Zanuto, Coordenadora Pedag\u00f3gica.","dataAtualizacao":"2026-04-24 16:04:03","dataInicioVigencia":null,"dataFimVigencia":null,"data":"2026-04-10","numero":16509,"categoria":"Portaria","situacao":"Em vigor","descricao":""},{"ementa":"Estabelece novo local e hor\u00e1rio de trabalho para a servidora Beatriz Cristina de Oliveira Silva Scorsato, Coordenadora Pedag\u00f3gica.","dataAtualizacao":"2026-04-24 16:03:27","dataInicioVigencia":null,"dataFimVigencia":null,"data":"2026-04-10","numero":16508,"categoria":"Portaria","situacao":"Em vigor","descricao":""},{"ementa":"Designa Pregoeiro e Equipe de Apoio para o Processo Licitat\u00f3rio n\u00ba 037\/2026, na modalidade Preg\u00e3o Eletr\u00f4nico n\u00ba 014\/2026.","dataAtualizacao":"2026-04-09 15:16:43","dataInicioVigencia":null,"dataFimVigencia":null,"data":"2026-04-09","numero":16507,"categoria":"Portaria","situacao":"Em vigor","descricao":""},{"ementa":"Estabelece novo local e hor\u00e1rio de trabalho para o servidor Luiz Cl\u00e1udio Magalh\u00e3es, Ajudante de Manuten\u00e7\u00e3o","dataAtualizacao":"2026-04-09 15:16:15","dataInicioVigencia":null,"dataFimVigencia":null,"data":"2026-04-09","numero":16506,"categoria":"Portaria","situacao":"Em vigor","descricao":""},{"ementa":"Designa Comiss\u00e3o Julgadora para o Processo Licitat\u00f3rio n\u00ba 036\/2026, na modalidade Dispensa n\u00ba 011\/2026, Chamada P\u00fablica n\u00b0 002\/2026.","dataAtualizacao":"2026-04-09 15:15:39","dataInicioVigencia":null,"dataFimVigencia":null,"data":"2026-04-09","numero":16505,"categoria":"Portaria","situacao":"Em vigor","descricao":""},{"ementa":"Designa Comiss\u00e3o Especial de Avalia\u00e7\u00e3o de Amostras para o Processo Licitat\u00f3rio n\u00ba 036\/2026, na modalidade Dispensa n\u00ba 011\/2026, Chamada P\u00fablica n\u00b0 002\/2026.","dataAtualizacao":"2026-04-09 15:15:07","dataInicioVigencia":null,"dataFimVigencia":null,"data":"2026-04-09","numero":16504,"categoria":"Portaria","situacao":"Em vigor","descricao":""},{"ementa":"Designa Pregoeiro e Equipe de Apoio para o Processo Licitat\u00f3rio n\u00ba 035\/2026, na modalidade Preg\u00e3o Eletr\u00f4nico n\u00ba 013\/2026.","dataAtualizacao":"2026-04-09 10:07:57","dataInicioVigencia":null,"dataFimVigencia":null,"data":"2026-04-09","numero":16503,"categoria":"Portaria","situacao":"Em vigor","descricao":""},{"ementa":"Designa Pregoeiro e Equipe de Apoio para o Processo Licitat\u00f3rio n\u00ba 034\/2026, na modalidade Preg\u00e3o Eletr\u00f4nico n\u00ba 012\/2026.","dataAtualizacao":"2026-04-09 10:06:08","dataInicioVigencia":null,"dataFimVigencia":null,"data":"2026-04-08","numero":16502,"categoria":"Portaria","situacao":"Em vigor","descricao":""},{"ementa":"Disp\u00f5e sobre a contrata\u00e7\u00e3o tempor\u00e1ria de Raiane Alves Evangelista para o exerc\u00edcio do emprego de Monitora de Deficiente.","dataAtualizacao":"2026-04-09 10:04:53","dataInicioVigencia":null,"dataFimVigencia":null,"data":"2026-04-08","numero":16501,"categoria":"Portaria","situacao":"Em vigor","descricao":""},{"ementa":"Designa Pregoeiro e Equipe de Apoio para o Processo Licitat\u00f3rio n\u00ba 033\/2026, na modalidade Preg\u00e3o Eletr\u00f4nico n\u00ba 011\/2026.","dataAtualizacao":"2026-04-09 10:01:32","dataInicioVigencia":null,"dataFimVigencia":null,"data":"2026-04-07","numero":16500,"categoria":"Portaria","situacao":"Em vigor","descricao":""},{"ementa":"Designa a servidora Lauriane Bueno Silva para substituir Fernanda Oliveira de Lima, durante suas f\u00e9rias, faltas e em quaisquer impedimentos.","dataAtualizacao":"2026-04-09 09:59:34","dataInicioVigencia":null,"dataFimVigencia":null,"data":"2026-04-07","numero":16499,"categoria":"Portaria","situacao":"Em vigor","descricao":""},{"ementa":"Disp\u00f5e sobre a exonera\u00e7\u00e3o de Regina Celia Alves Pereira, ocupante do emprego de Professora de Educa\u00e7\u00e3o B\u00e1sica","dataAtualizacao":"2026-04-09 09:58:51","dataInicioVigencia":null,"dataFimVigencia":null,"data":"2026-04-07","numero":16498,"categoria":"Portaria","situacao":"Em vigor","descricao":""},{"ementa":"Disp\u00f5e sobre a exonera\u00e7\u00e3o de Daiana Cristina de Oliveira Torres, ocupante do emprego de Monitora de Creche, CEPEM E CEMEI.","dataAtualizacao":"2026-04-09 09:58:28","dataInicioVigencia":null,"dataFimVigencia":null,"data":"2026-04-07","numero":16497,"categoria":"Portaria","situacao":"Em vigor","descricao":""},{"ementa":"Disp\u00f5e sobre a exonera\u00e7\u00e3o de Raiane Alves Evangelista, ocupante do emprego de Merendeira.","dataAtualizacao":"2026-04-09 09:57:57","dataInicioVigencia":null,"dataFimVigencia":null,"data":"2026-04-07","numero":16496,"categoria":"Portaria","situacao":"Em vigor","descricao":""},{"ementa":"Disp\u00f5e sobre a revoga\u00e7\u00e3o dos artigos 40 e 41 da Lei n\u00b0 3.709 de 10 de novembro de 2015 e d\u00e1 outras provid\u00eancias.","dataAtualizacao":"2026-04-24 16:30:03","dataInicioVigencia":null,"dataFimVigencia":null,"data":"2026-04-07","numero":5199,"categoria":"Lei Ordin\u00e1ria","situacao":"Em vigor","descricao":""},{"ementa":"\u201cAutoriza o Poder Executivo a celebrar Acordo de Coopera\u00e7\u00e3o T\u00e9cnica com a Uni\u00e3o, por interm\u00e9dio do Minist\u00e9rio da Agricultura e Pecu\u00e1ria (MAPA), e a ceder servidor p\u00fablico municipal, na forma que especifica\u201d.","dataAtualizacao":"2026-04-24 16:29:37","dataInicioVigencia":null,"dataFimVigencia":null,"data":"2026-04-07","numero":5198,"categoria":"Lei Ordin\u00e1ria","situacao":"Em vigor","descricao":""},{"ementa":"Altera LDO e abre cr\u00e9dito especial na Secretaria de Esporte e Lazer, para execu\u00e7\u00e3o de conv\u00eanio SEDS\/Condeca e d\u00e1 outras provid\u00eancias.","dataAtualizacao":"2026-04-24 16:29:04","dataInicioVigencia":null,"dataFimVigencia":null,"data":"2026-04-07","numero":5197,"categoria":"Lei Ordin\u00e1ria","situacao":"Em vigor","descricao":""},{"ementa":"Abre no or\u00e7amento vigente cr\u00e9dito suplementar no valor de R$ 97.600,00 e da outras provid\u00eancias.","dataAtualizacao":"2026-04-24 16:27:54","dataInicioVigencia":null,"dataFimVigencia":null,"data":"2026-04-07","numero":5196,"categoria":"Lei Ordin\u00e1ria","situacao":"Em vigor","descricao":""},{"ementa":"Inclui fonte de recurso em A\u00e7\u00f5es da LDO e abre cr\u00e9dito adicional especial no valor Total de R$ 533.700,00 e d\u00e1 outras provid\u00eancias.","dataAtualizacao":"2026-04-24 16:27:21","dataInicioVigencia":null,"dataFimVigencia":null,"data":"2026-04-07","numero":5195,"categoria":"Lei Ordin\u00e1ria","situacao":"Em vigor","descricao":""},{"ementa":"Autoriza o Poder Executivo Municipal de Ipu\u00e3 a firmar Termo de Colabora\u00e7\u00e3o com a Funda\u00e7\u00e3o Esp\u00edrita Judas Iscariotes para fins de manuten\u00e7\u00e3o da Resid\u00eancia Inclusiva destinada ao acolhimento institucional de jovens e adultos com defici\u00eancia, que n\u00e3o em condi\u00e7\u00f5es de autossustentabilidade ou suporte familiar.","dataAtualizacao":"2026-04-24 16:26:51","dataInicioVigencia":null,"dataFimVigencia":null,"data":"2026-04-07","numero":5194,"categoria":"Lei Ordin\u00e1ria","situacao":"Em vigor","descricao":""},{"ementa":"Extingue o emprego p\u00fablico que especifica e d\u00e1 outras provid\u00eancias.","dataAtualizacao":"2026-04-24 16:26:02","dataInicioVigencia":null,"dataFimVigencia":null,"data":"2026-04-07","numero":5193,"categoria":"Lei Ordin\u00e1ria","situacao":"Em vigor","descricao":""},{"ementa":"Regulamenta Lei 5.197\/2026, que altera LDO e abre cr\u00e9dito especial na Secretaria de Esporte e Lazer, para execu\u00e7\u00e3o de conv\u00eanio SEDS\/Condeca e d\u00e1 outras provid\u00eancias.","dataAtualizacao":"2026-04-24 16:33:50","dataInicioVigencia":null,"dataFimVigencia":null,"data":"2026-04-07","numero":4984,"categoria":"Decreto","situacao":"Em vigor","descricao":""},{"ementa":"Regulamenta Lei 5.196\/2026, que abre no or\u00e7amento vigente cr\u00e9dito suplementar no valor de R$ 97.600,00 e da outras provid\u00eancias.","dataAtualizacao":"2026-04-24 16:33:15","dataInicioVigencia":null,"dataFimVigencia":null,"data":"2026-04-07","numero":4983,"categoria":"Decreto","situacao":"Em vigor","descricao":""},{"ementa":"Regulamenta Lei 5.195\/2026, que inclui fonte de recurso em A\u00e7\u00f5es da LDO e abre cr\u00e9dito adicional especial no valor Total de R$ 533.700,00 e d\u00e1 outras provid\u00eancias.","dataAtualizacao":"2026-04-24 16:32:41","dataInicioVigencia":null,"dataFimVigencia":null,"data":"2026-04-07","numero":4982,"categoria":"Decreto","situacao":"Em vigor","descricao":""},{"ementa":"Disp\u00f5e sobre a exonera\u00e7\u00e3o de Tereza Marcela Pilan Moraes, ocupante do emprego de Monitora de Deficiente.","dataAtualizacao":"2026-04-09 09:57:12","dataInicioVigencia":null,"dataFimVigencia":null,"data":"2026-04-06","numero":16495,"categoria":"Portaria","situacao":"Em vigor","descricao":""},{"ementa":"Contrata Francisca Maria Oliveira Rocha para o emprego permanente de Monitora de Creche, CEPEM E CEMEI.","dataAtualizacao":"2026-04-09 09:52:56","dataInicioVigencia":null,"dataFimVigencia":null,"data":"2026-04-01","numero":16494,"categoria":"Portaria","situacao":"Em vigor","descricao":""},{"ementa":"Designa a servidora Mariana St\u00e1bile Garcia para o exerc\u00edcio de fun\u00e7\u00e3o gratificada de \u201cAgente de Compras\u201d.","dataAtualizacao":"2026-04-09 09:52:25","dataInicioVigencia":null,"dataFimVigencia":null,"data":"2026-04-01","numero":16493,"categoria":"Portaria","situacao":"Em vigor","descricao":""},{"ementa":"Estabelece novo local e hor\u00e1rio de trabalho para a servidora Mariana St\u00e1bile Garcia, Auxiliar Administrativo.","dataAtualizacao":"2026-04-09 09:51:50","dataInicioVigencia":null,"dataFimVigencia":null,"data":"2026-04-01","numero":16492,"categoria":"Portaria","situacao":"Em vigor","descricao":""},{"ementa":"Designa a servidora Maria Vilma Pontes da Costa para substituir Fabiana da Silva Campos, durante suas f\u00e9rias, faltas e em quaisquer impedimentos.","dataAtualizacao":"2026-04-09 09:51:15","dataInicioVigencia":null,"dataFimVigencia":null,"data":"2026-04-01","numero":16491,"categoria":"Portaria","situacao":"Em vigor","descricao":""},{"ementa":"Disp\u00f5e sobre a contrata\u00e7\u00e3o tempor\u00e1ria de Amanda Alves Soares para o exerc\u00edcio do emprego de Professora de Educa\u00e7\u00e3o Infantil.","dataAtualizacao":"2026-04-09 09:50:30","dataInicioVigencia":null,"dataFimVigencia":null,"data":"2026-04-01","numero":16490,"categoria":"Portaria","situacao":"Em vigor","descricao":""},{"ementa":"Contrata Marcella Sakae Gomes para o emprego permanente de M\u00e9dico Veterin\u00e1rio.","dataAtualizacao":"2026-04-09 09:49:55","dataInicioVigencia":null,"dataFimVigencia":null,"data":"2026-04-01","numero":16489,"categoria":"Portaria","situacao":"Em vigor","descricao":""},{"ementa":"Contrata Mirelle de Oliveira Loiola para o emprego permanente de Assistente Social.","dataAtualizacao":"2026-04-09 09:49:28","dataInicioVigencia":null,"dataFimVigencia":null,"data":"2026-04-01","numero":16488,"categoria":"Portaria","situacao":"Em vigor","descricao":""},{"ementa":"Disp\u00f5e sobre a exonera\u00e7\u00e3o de Mirelle de Oliveira Loiola, ocupante do emprego de Auxiliar Administrativo.","dataAtualizacao":"2026-04-09 09:48:35","dataInicioVigencia":null,"dataFimVigencia":null,"data":"2026-03-31","numero":16487,"categoria":"Portaria","situacao":"Em vigor","descricao":""},{"ementa":"Disp\u00f5e sobre a exonera\u00e7\u00e3o de Roseli Sim\u00f5es Sampaio, ocupante do emprego de Professor de Educa\u00e7\u00e3o B\u00e1sica II - Arte.","dataAtualizacao":"2026-04-09 09:47:20","dataInicioVigencia":null,"dataFimVigencia":null,"data":"2026-03-31","numero":16486,"categoria":"Portaria","situacao":"Em vigor","descricao":""},{"ementa":"Disp\u00f5e sobre a exonera\u00e7\u00e3o de Maria Aparecida Granado Ot\u00e1vio, ocupante do emprego de Professor de Educa\u00e7\u00e3o B\u00e1sica I.","dataAtualizacao":"2026-04-09 09:46:11","dataInicioVigencia":null,"dataFimVigencia":null,"data":"2026-03-31","numero":16485,"categoria":"Portaria","situacao":"Em vigor","descricao":""},{"ementa":"Disp\u00f5e sobre reenquadramento de servidores municipais, em decorr\u00eancia de promo\u00e7\u00e3o por tempo de servi\u00e7o.","dataAtualizacao":"2026-04-01 14:49:25","dataInicioVigencia":null,"dataFimVigencia":null,"data":"2026-03-31","numero":16484,"categoria":"Portaria","situacao":"Em vigor","descricao":""},{"ementa":"Designar o servidor Mikael Muller Rafael como Defensor Dativo para atuar no Processo Administrativo Disciplinar n\u00ba 09\/2025.","dataAtualizacao":"2026-04-01 14:48:55","dataInicioVigencia":null,"dataFimVigencia":null,"data":"2026-03-31","numero":16483,"categoria":"Portaria","situacao":"Em vigor","descricao":""},{"ementa":"Aplica a penalidade de suspens\u00e3o tempor\u00e1ria \u00e0 Organiza\u00e7\u00e3o da Sociedade Civil Instituto o Amor e d\u00e1 outras provid\u00eancias.","dataAtualizacao":"2026-04-01 14:48:27","dataInicioVigencia":null,"dataFimVigencia":null,"data":"2026-03-31","numero":16482,"categoria":"Portaria","situacao":"Em vigor","descricao":""},{"ementa":"Disp\u00f5e sobre a renomea\u00e7\u00e3o dos membros do Conselho Municipal de Assist\u00eancia Social \u2013 COMASI e d\u00e1 outras provid\u00eancias.","dataAtualizacao":"2026-04-01 14:46:03","dataInicioVigencia":null,"dataFimVigencia":null,"data":"2026-03-31","numero":4981,"categoria":"Decreto","situacao":"Em vigor","descricao":""},{"ementa":"Aplica a penalidade de suspens\u00e3o tempor\u00e1ria \u00e0 Organiza\u00e7\u00e3o da Sociedade Civil Instituto o Amor e d\u00e1 outras provid\u00eancias.","dataAtualizacao":"2026-04-01 14:45:36","dataInicioVigencia":null,"dataFimVigencia":null,"data":"2026-03-30","numero":4980,"categoria":"Decreto","situacao":"Em vigor","descricao":""},{"ementa":"Prorroga, por mais 90 dias, o prazo para conclus\u00e3o dos trabalhos da Comiss\u00e3o de Processo Administrativo Disciplinar designada para apurar as infra\u00e7\u00f5es administrativas imputadas a servidora T R M S.","dataAtualizacao":"2026-03-30 15:53:03","dataInicioVigencia":null,"dataFimVigencia":null,"data":"2026-03-25","numero":16481,"categoria":"Portaria","situacao":"Em vigor","descricao":""},{"ementa":"Designa Gestor e Fiscal do Contrato n\u00ba 008\/2026, referente ao Processo Licitat\u00f3rio n\u00ba 025\/2026, na modalidade Inexigibilidade n\u00ba 006\/2026.","dataAtualizacao":"2026-03-30 15:45:27","dataInicioVigencia":null,"dataFimVigencia":null,"data":"2026-03-25","numero":16480,"categoria":"Portaria","situacao":"Em vigor","descricao":""},{"ementa":"Designa Gestor e Fiscal do Contrato n\u00ba 007\/2026, referente ao Processo Licitat\u00f3rio n\u00ba 021\/2026, na modalidade Inexigibilidade n\u00ba 003\/2026.","dataAtualizacao":"2026-03-30 15:45:00","dataInicioVigencia":null,"dataFimVigencia":null,"data":"2026-03-25","numero":16479,"categoria":"Portaria","situacao":"Em vigor","descricao":""},{"ementa":"Designa Gestor e Fiscal do Contrato n\u00ba 006\/2026, referente ao Processo Licitat\u00f3rio n\u00ba 020\/2026, na modalidade Inexigibilidade n\u00ba 002\/2026.","dataAtualizacao":"2026-03-30 15:44:29","dataInicioVigencia":null,"dataFimVigencia":null,"data":"2026-03-25","numero":16478,"categoria":"Portaria","situacao":"Em vigor","descricao":""},{"ementa":"Estabelece novo hor\u00e1rio de trabalho para a servidora Silvia Stef\u00e2nia Silva de Paula, Assistente Social.","dataAtualizacao":"2026-03-30 15:42:53","dataInicioVigencia":null,"dataFimVigencia":null,"data":"2026-03-25","numero":16477,"categoria":"Portaria","situacao":"Em vigor","descricao":""},{"ementa":"Disp\u00f5e sobre a designa\u00e7\u00e3o de equipe para o desenvolvimento das a\u00e7\u00f5es de Vigil\u00e2ncia Sanit\u00e1ria no Munic\u00edpio de Ipu\u00e3\/SP.","dataAtualizacao":"2026-03-30 15:42:16","dataInicioVigencia":null,"dataFimVigencia":null,"data":"2026-03-25","numero":16476,"categoria":"Portaria","situacao":"Em vigor","descricao":""},{"ementa":"Estabelece novo hor\u00e1rio de trabalho para a servidora Ana Maria Moreira, Agente de Apoio \u00e0 Sa\u00fade.","dataAtualizacao":"2026-03-30 15:39:51","dataInicioVigencia":null,"dataFimVigencia":null,"data":"2026-03-24","numero":16475,"categoria":"Portaria","situacao":"Em vigor","descricao":""},{"ementa":"Designa Gestor das Atas de Registro de Pre\u00e7os n\u00ba 038 a 042\/2026, referente ao Processo Licitat\u00f3rio n\u00ba 104\/2025, na modalidade Preg\u00e3o Eletr\u00f4nico n\u00ba 056\/2025.","dataAtualizacao":"2026-03-30 15:39:16","dataInicioVigencia":null,"dataFimVigencia":null,"data":"2026-03-24","numero":16474,"categoria":"Portaria","situacao":"Em vigor","descricao":""},{"ementa":"Estabelece novo hor\u00e1rio de trabalho para o servidor Thiago Vit\u00f3rio de Oliveira, Facilitador de Oficina","dataAtualizacao":"2026-03-30 15:38:45","dataInicioVigencia":null,"dataFimVigencia":null,"data":"2026-03-24","numero":16473,"categoria":"Portaria","situacao":"Em vigor","descricao":""},{"ementa":"Disp\u00f5e sobre a exonera\u00e7\u00e3o de Rafael dos Santos Cescate, ocupante do cargo de Vigia.","dataAtualizacao":"2026-03-30 15:38:10","dataInicioVigencia":null,"dataFimVigencia":null,"data":"2026-03-24","numero":16472,"categoria":"Portaria","situacao":"Em vigor","descricao":""},{"ementa":"Disp\u00f5e sobre a exonera\u00e7\u00e3o de Luiz Roberto Vieira Filho, ocupante do cargo de Motorista.","dataAtualizacao":"2026-03-30 15:37:30","dataInicioVigencia":null,"dataFimVigencia":null,"data":"2026-03-24","numero":16471,"categoria":"Portaria","situacao":"Em vigor","descricao":""},{"ementa":"Disp\u00f5e sobre a exonera\u00e7\u00e3o de Bruno Henrique Batista Ribeiro, ocupante do cargo de Auxiliar Administrativo.","dataAtualizacao":"2026-03-30 15:36:51","dataInicioVigencia":null,"dataFimVigencia":null,"data":"2026-03-24","numero":16470,"categoria":"Portaria","situacao":"Em vigor","descricao":""},{"ementa":"Disp\u00f5e sobre a exonera\u00e7\u00e3o de Gilson Batista de Souza, ocupante do cargo de Ajudante de Manuten\u00e7\u00e3o.","dataAtualizacao":"2026-03-30 15:36:17","dataInicioVigencia":null,"dataFimVigencia":null,"data":"2026-03-24","numero":16469,"categoria":"Portaria","situacao":"Em vigor","descricao":""},{"ementa":"Disp\u00f5e sobre a exonera\u00e7\u00e3o de Patricia Macedo de Souza, ocupante do cargo de Ajudante de Manuten\u00e7\u00e3o.","dataAtualizacao":"2026-03-30 15:35:36","dataInicioVigencia":null,"dataFimVigencia":null,"data":"2026-03-24","numero":16468,"categoria":"Portaria","situacao":"Em vigor","descricao":""},{"ementa":"Disp\u00f5e sobre a exonera\u00e7\u00e3o de Marisa dos Santos Barbosa, ocupante do cargo de Professor de Educa\u00e7\u00e3o Infantil.","dataAtualizacao":"2026-03-30 15:34:55","dataInicioVigencia":null,"dataFimVigencia":null,"data":"2026-03-24","numero":16467,"categoria":"Portaria","situacao":"Em vigor","descricao":""},{"ementa":"Disp\u00f5e sobre a exonera\u00e7\u00e3o de Silvania Louren\u00e7\u00e3o Inamine, ocupante do cargo de Professor de Educa\u00e7\u00e3o B\u00e1sica I.","dataAtualizacao":"2026-03-30 15:34:20","dataInicioVigencia":null,"dataFimVigencia":null,"data":"2026-03-24","numero":16466,"categoria":"Portaria","situacao":"Em vigor","descricao":""},{"ementa":"Disp\u00f5e sobre a exonera\u00e7\u00e3o de Silvania Louren\u00e7\u00e3o Inamine, ocupante do cargo de Professor de Educa\u00e7\u00e3o Infantil.","dataAtualizacao":"2026-03-30 15:33:33","dataInicioVigencia":null,"dataFimVigencia":null,"data":"2026-03-24","numero":16465,"categoria":"Portaria","situacao":"Em vigor","descricao":""},{"ementa":"Disp\u00f5e sobre reenquadramento de servidores municipais, em decorr\u00eancia de promo\u00e7\u00e3o por tempo de servi\u00e7o.","dataAtualizacao":"2026-03-25 11:48:40","dataInicioVigencia":null,"dataFimVigencia":null,"data":"2026-03-24","numero":16464,"categoria":"Portaria","situacao":"Em vigor","descricao":""},{"ementa":"Designa Gestor das Atas de Registro de Pre\u00e7os n\u00ba 017 a 019\/2026, referente ao Processo Licitat\u00f3rio n\u00ba 118\/2025, na modalidade Preg\u00e3o Eletr\u00f4nico n\u00ba 064\/2025.","dataAtualizacao":"2026-03-25 11:47:36","dataInicioVigencia":null,"dataFimVigencia":null,"data":"2026-03-23","numero":16463,"categoria":"Portaria","situacao":"Em vigor","descricao":""},{"ementa":"Revoga a Portaria n\u00ba 15.059, de 27 de junho de 2.024.","dataAtualizacao":"2026-03-25 11:46:05","dataInicioVigencia":null,"dataFimVigencia":null,"data":"2026-03-20","numero":16462,"categoria":"Portaria","situacao":"Em vigor","descricao":""},{"ementa":"Revoga a Portaria n\u00ba 10.278, de 18 de mar\u00e7o de 2.016.","dataAtualizacao":"2026-03-25 11:45:39","dataInicioVigencia":null,"dataFimVigencia":null,"data":"2026-03-20","numero":16461,"categoria":"Portaria","situacao":"Em vigor","descricao":""},{"ementa":"Revoga a Portaria n\u00ba 15.722, de 04 de junho de 2.025.","dataAtualizacao":"2026-03-25 11:45:11","dataInicioVigencia":null,"dataFimVigencia":null,"data":"2026-03-20","numero":16460,"categoria":"Portaria","situacao":"Em vigor","descricao":""},{"ementa":"Designa Gestor das Atas de Registro de Pre\u00e7os n\u00ba 036 e 037\/2026, referente ao Processo Licitat\u00f3rio n\u00ba 117\/2025, na modalidade Preg\u00e3o Eletr\u00f4nico n\u00ba 063\/2025.","dataAtualizacao":"2026-03-23 15:45:06","dataInicioVigencia":null,"dataFimVigencia":null,"data":"2026-03-20","numero":16459,"categoria":"Portaria","situacao":"Em vigor","descricao":""},{"ementa":"Estabelece novo hor\u00e1rio de trabalho para a servidora Cristiane Fornel do Vale, Auxiliar de Enfermagem.","dataAtualizacao":"2026-03-23 15:44:12","dataInicioVigencia":null,"dataFimVigencia":null,"data":"2026-03-20","numero":16458,"categoria":"Portaria","situacao":"Em vigor","descricao":""},{"ementa":"Contrata Daiana Cristina de Oliveira Torres para o emprego permanente de Monitora de Creche, CEPEM E CEMEI.","dataAtualizacao":"2026-03-23 15:43:08","dataInicioVigencia":null,"dataFimVigencia":null,"data":"2026-03-20","numero":16457,"categoria":"Portaria","situacao":"Em vigor","descricao":""},{"ementa":"Designa Gestor e Fiscal do Contrato n\u00ba 05\/2026, referente ao Processo n\u00ba 023\/2026, na modalidade Inexigibilidade n\u00ba 05\/2026.","dataAtualizacao":"2026-03-23 15:42:17","dataInicioVigencia":null,"dataFimVigencia":null,"data":"2026-03-20","numero":16456,"categoria":"Portaria","situacao":"Em vigor","descricao":""},{"ementa":"Designa Gestor das Atas de Registro de Pre\u00e7os n\u00ba 035\/2026, referente ao Processo Licitat\u00f3rio n\u00ba 012\/2026, na modalidade Preg\u00e3o Eletr\u00f4nico n\u00ba 05\/2026.","dataAtualizacao":"2026-03-23 15:41:30","dataInicioVigencia":null,"dataFimVigencia":null,"data":"2026-03-19","numero":16455,"categoria":"Portaria","situacao":"Em vigor","descricao":""},{"ementa":"Disp\u00f5e sobre a renomea\u00e7\u00e3o dos membros do Conselho Municipal de Assist\u00eancia Social \u2013 COMASI e d\u00e1 outras provid\u00eancias.","dataAtualizacao":"2026-03-23 16:05:23","dataInicioVigencia":null,"dataFimVigencia":null,"data":"2026-03-19","numero":4979,"categoria":"Decreto","situacao":"Em vigor","descricao":""},{"ementa":"Designa Gestor das Atas de Registro de Pre\u00e7os n\u00ba 188 a 191\/2025, referente ao Processo Licitat\u00f3rio n\u00ba 116\/2025, na modalidade Preg\u00e3o Eletr\u00f4nico n\u00ba 062\/2025.","dataAtualizacao":"2026-03-23 15:29:56","dataInicioVigencia":null,"dataFimVigencia":null,"data":"2026-03-18","numero":16454,"categoria":"Portaria","situacao":"Em vigor","descricao":""},{"ementa":"Convoca o servidor Edilson Francisco Pereira, Eletricista, para retornar \u00e0s suas atividades e d\u00e1 outras provid\u00eancias.","dataAtualizacao":"2026-03-23 15:28:45","dataInicioVigencia":null,"dataFimVigencia":null,"data":"2026-03-18","numero":16453,"categoria":"Portaria","situacao":"Em vigor","descricao":""},{"ementa":"Estabelece novo local e hor\u00e1rio de trabalho para a servidora Adriana Carla Baso, Enfermeira.","dataAtualizacao":"2026-03-23 15:27:15","dataInicioVigencia":null,"dataFimVigencia":null,"data":"2026-03-17","numero":16452,"categoria":"Portaria","situacao":"Em vigor","descricao":""},{"ementa":"Estabelece, em car\u00e1ter liminar, novo local e hor\u00e1rio de trabalho para a servidora Franciele Josefa Costa, Enfermeira.","dataAtualizacao":"2026-03-23 15:26:34","dataInicioVigencia":null,"dataFimVigencia":null,"data":"2026-03-17","numero":16451,"categoria":"Portaria","situacao":"Em vigor","descricao":""},{"ementa":"Designa Comiss\u00e3o de Avalia\u00e7\u00e3o para an\u00e1lise e acompanhamento do cadastramento destinado \u00e0 contrata\u00e7\u00e3o tempor\u00e1ria, nos termos do Edital n\u00ba 01, de 16 de mar\u00e7o de 2026, para os empregos de Monitor de Creche, CEPEM e CEMEI e de Agente de Apoio ao Estudante da Educa\u00e7\u00e3o Especial.","dataAtualizacao":"2026-03-23 15:25:43","dataInicioVigencia":null,"dataFimVigencia":null,"data":"2026-03-17","numero":16450,"categoria":"Portaria","situacao":"Em vigor","descricao":""},{"ementa":"Inclui A\u00e7\u00e3o na LDO e abre cr\u00e9dito adicional especial no valor Total de R$ 5.000,00 e d\u00e1 outras provid\u00eancias.","dataAtualizacao":"2026-03-23 15:58:27","dataInicioVigencia":null,"dataFimVigencia":null,"data":"2026-03-17","numero":5192,"categoria":"Lei Ordin\u00e1ria","situacao":"Em vigor","descricao":""},{"ementa":"Disp\u00f5e sobre abertura de cr\u00e9dito suplementar no valor de R$ 35.000,00 e d\u00e1 outras provid\u00eancias.","dataAtualizacao":"2026-03-23 15:57:53","dataInicioVigencia":null,"dataFimVigencia":null,"data":"2026-03-17","numero":5191,"categoria":"Lei Ordin\u00e1ria","situacao":"Em vigor","descricao":""},{"ementa":"\u201cDisp\u00f5e sobre a cria\u00e7\u00e3o de empregos p\u00fablicos que especifica e d\u00e1 outras provid\u00eancias.\u201d","dataAtualizacao":"2026-03-23 15:56:52","dataInicioVigencia":null,"dataFimVigencia":null,"data":"2026-03-17","numero":5190,"categoria":"Lei Ordin\u00e1ria","situacao":"Em vigor","descricao":""},{"ementa":"\u201cAltera a Lei Municipal n\u00ba 3.172, de 27 de abril de 2011, que autoriza a concess\u00e3o de bolsas de estudo a estudantes do munic\u00edpio matriculados em cursos de n\u00edvel superior e d\u00e1 outras provid\u00eancias\u201d.","dataAtualizacao":"2026-03-23 15:56:09","dataInicioVigencia":null,"dataFimVigencia":null,"data":"2026-03-17","numero":5189,"categoria":"Lei Ordin\u00e1ria","situacao":"Em vigor","descricao":""},{"ementa":"Autoriza o Poder Executivo Municipal a conceder Contribui\u00e7\u00e3o Financeira \u00e0s Associa\u00e7\u00f5es de Pais e Mestres - APMs do Munic\u00edpio de Ipu\u00e3 e d\u00e1 outras provid\u00eancias.","dataAtualizacao":"2026-03-23 15:55:06","dataInicioVigencia":null,"dataFimVigencia":null,"data":"2026-03-17","numero":5188,"categoria":"Lei Ordin\u00e1ria","situacao":"Em vigor","descricao":""},{"ementa":"Autoriza o Poder Executivo Municipal a outorgar Permiss\u00e3o de Uso, a t\u00edtulo prec\u00e1rio e gratuito, de bem p\u00fablico municipal, e d\u00e1 outras provid\u00eancias.","dataAtualizacao":"2026-03-23 15:54:22","dataInicioVigencia":null,"dataFimVigencia":null,"data":"2026-03-17","numero":5187,"categoria":"Lei Ordin\u00e1ria","situacao":"Em vigor","descricao":""},{"ementa":"Regulamenta Lei 5.192\/2026, que Inclui A\u00e7\u00e3o na LDO e abre cr\u00e9dito adicional especial no valor Total de R$ 5.000,00 e d\u00e1 outras provid\u00eancias.","dataAtualizacao":"2026-03-23 16:03:52","dataInicioVigencia":null,"dataFimVigencia":null,"data":"2026-03-17","numero":4978,"categoria":"Decreto","situacao":"Em vigor","descricao":""},{"ementa":"Regulamenta Lei 5.191\/2026, que disp\u00f5e sobre abertura de cr\u00e9dito suplementar no valor de R$ 35.000,00 e d\u00e1 outras provid\u00eancias.","dataAtualizacao":"2026-03-23 16:03:20","dataInicioVigencia":null,"dataFimVigencia":null,"data":"2026-03-17","numero":4977,"categoria":"Decreto","situacao":"Em vigor","descricao":""},{"ementa":"\u201cRegulamenta a execu\u00e7\u00e3o do Programa de Transporte Estudantil no \u00e2mbito do Munic\u00edpio de Ipu\u00e3\/SP e estabelece crit\u00e9rios para sua organiza\u00e7\u00e3o e funcionamento\u201d.","dataAtualizacao":"2026-03-23 16:01:46","dataInicioVigencia":null,"dataFimVigencia":null,"data":"2026-03-17","numero":4976,"categoria":"Decreto","situacao":"Em vigor","descricao":""},{"ementa":"Designa Gestor para o Termo de Fomento n\u00ba 10\/2025 e d\u00e1 outras provid\u00eancias.","dataAtualizacao":"2026-03-23 15:23:36","dataInicioVigencia":null,"dataFimVigencia":null,"data":"2026-03-16","numero":16449,"categoria":"Portaria","situacao":"Em vigor","descricao":""},{"ementa":"Disp\u00f5e sobre a contrata\u00e7\u00e3o tempor\u00e1ria de Luciana Aparecida de Carvalho para o exerc\u00edcio do emprego de Merendeira.","dataAtualizacao":"2026-03-23 15:22:56","dataInicioVigencia":null,"dataFimVigencia":null,"data":"2026-03-16","numero":16448,"categoria":"Portaria","situacao":"Em vigor","descricao":""},{"ementa":"Designa Gestor e Fiscal do Contrato n\u00ba 04\/2026, referente ao Processo n\u00ba 06\/2026, na modalidade Concorr\u00eancia Eletr\u00f4nica n\u00ba 001\/2026.","dataAtualizacao":"2026-03-23 15:22:15","dataInicioVigencia":null,"dataFimVigencia":null,"data":"2026-03-16","numero":16447,"categoria":"Portaria","situacao":"Em vigor","descricao":""},{"ementa":"Disp\u00f5e sobre a contrata\u00e7\u00e3o tempor\u00e1ria de Thais Pereira da Silveira para o exerc\u00edcio do emprego de Merendeira.","dataAtualizacao":"2026-03-23 15:21:39","dataInicioVigencia":null,"dataFimVigencia":null,"data":"2026-03-16","numero":16446,"categoria":"Portaria","situacao":"Em vigor","descricao":""},{"ementa":"Estabelece novo local e hor\u00e1rio de trabalho para o servidor Luis Eduardo Alves Sperandir, Motorista.","dataAtualizacao":"2026-03-23 15:21:04","dataInicioVigencia":null,"dataFimVigencia":null,"data":"2026-03-16","numero":16445,"categoria":"Portaria","situacao":"Em vigor","descricao":""},{"ementa":"Estabelece novo local e hor\u00e1rio de trabalho para o servidor Igor Brigo Menegueti, Motorista.","dataAtualizacao":"2026-03-23 15:20:30","dataInicioVigencia":null,"dataFimVigencia":null,"data":"2026-03-16","numero":16444,"categoria":"Portaria","situacao":"Em vigor","descricao":""},{"ementa":"Prorroga a contrata\u00e7\u00e3o de Alexya Costa Almeida para o exerc\u00edcio tempor\u00e1rio do emprego de Auxiliar Administrativo.","dataAtualizacao":"2026-03-16 10:06:35","dataInicioVigencia":null,"dataFimVigencia":null,"data":"2026-03-13","numero":16443,"categoria":"Portaria","situacao":"Em vigor","descricao":""},{"ementa":"Prorroga, por mais 90 dias, o prazo para conclus\u00e3o dos trabalhos da Comiss\u00e3o de Processo Administrativo Disciplinar designada para apurar as infra\u00e7\u00f5es administrativas imputadas ao servidor C E S.","dataAtualizacao":"2026-03-16 10:06:02","dataInicioVigencia":null,"dataFimVigencia":null,"data":"2026-03-13","numero":16442,"categoria":"Portaria","situacao":"Em vigor","descricao":""},{"ementa":"Designa Gestor para o Termo de Fomento n\u00ba 09\/2025 e d\u00e1 outras provid\u00eancias.","dataAtualizacao":"2026-03-16 10:04:57","dataInicioVigencia":null,"dataFimVigencia":null,"data":"2026-03-12","numero":16441,"categoria":"Portaria","situacao":"Em vigor","descricao":""},{"ementa":"Designa Gestor do conv\u00eanio a ser firmado com a Secretaria da Educa\u00e7\u00e3o do Estado de S\u00e3o Paulo.","dataAtualizacao":"2026-03-16 10:04:22","dataInicioVigencia":null,"dataFimVigencia":null,"data":"2026-03-12","numero":16440,"categoria":"Portaria","situacao":"Em vigor","descricao":""},{"ementa":"Nomeia Comiss\u00e3o de Contrata\u00e7\u00e3o para o Processo Administrativo n\u00ba 022\/2026, Inexigibilidade de Licita\u00e7\u00e3o 004\/2026, Chamamento P\u00fablico 01\/2026.","dataAtualizacao":"2026-03-16 10:01:55","dataInicioVigencia":null,"dataFimVigencia":null,"data":"2026-03-12","numero":16339,"categoria":"Portaria","situacao":"Em vigor","descricao":""},{"ementa":"Disp\u00f5e sobre a execu\u00e7\u00e3o da doa\u00e7\u00e3o de \u00e1reas de terras ao Fundo de Arrendamento Residencial \u2013 FAR, representado pela Caixa Econ\u00f4mica Federal, nos termos da Lei Municipal n\u00ba 5.138, de 23 de janeiro de 2026.","dataAtualizacao":"2026-03-16 10:21:38","dataInicioVigencia":null,"dataFimVigencia":null,"data":"2026-03-12","numero":4975,"categoria":"Decreto","situacao":"Em vigor","descricao":""},{"ementa":"Contrata Priscila Ang\u00e9lica de Faveri para o emprego permanente de T\u00e9cnica de Enfermagem.","dataAtualizacao":"2026-03-16 10:01:18","dataInicioVigencia":null,"dataFimVigencia":null,"data":"2026-03-11","numero":16438,"categoria":"Portaria","situacao":"Em vigor","descricao":""},{"ementa":"Estabelece novo hor\u00e1rio de trabalho para a servidora Paula Castejon Ramos, Dentista.","dataAtualizacao":"2026-03-16 10:03:09","dataInicioVigencia":null,"dataFimVigencia":null,"data":"2026-03-11","numero":16337,"categoria":"Portaria","situacao":"Em vigor","descricao":""},{"ementa":"Prorroga, por mais 90 dias, o prazo para conclus\u00e3o dos trabalhos da Comiss\u00e3o de Processo Administrativo Disciplinar designada para apurar as infra\u00e7\u00f5es administrativas imputadas ao servidor V S B.","dataAtualizacao":"2026-03-11 12:30:09","dataInicioVigencia":null,"dataFimVigencia":null,"data":"2026-03-10","numero":16436,"categoria":"Portaria","situacao":"Em vigor","descricao":""},{"ementa":"Disp\u00f5e sobre a contrata\u00e7\u00e3o tempor\u00e1ria de Nayara Cristina de Araujo para o exerc\u00edcio do emprego de Professora de Educa\u00e7\u00e3o B\u00e1sica II - Arte.","dataAtualizacao":"2026-03-11 12:29:10","dataInicioVigencia":null,"dataFimVigencia":null,"data":"2026-03-10","numero":16435,"categoria":"Portaria","situacao":"Em vigor","descricao":""},{"ementa":"Disp\u00f5e sobre a contrata\u00e7\u00e3o tempor\u00e1ria de Silvia Mara da Silva para o exerc\u00edcio do emprego de Professora de Educa\u00e7\u00e3o B\u00e1sica II - Arte.","dataAtualizacao":"2026-03-11 12:28:19","dataInicioVigencia":null,"dataFimVigencia":null,"data":"2026-03-10","numero":16434,"categoria":"Portaria","situacao":"Em vigor","descricao":""},{"ementa":"Contrata Francieli Magalh\u00e3es de Oliveira para o emprego permanente de Professor de Educa\u00e7\u00e3o Infantil.","dataAtualizacao":"2026-03-11 12:27:49","dataInicioVigencia":null,"dataFimVigencia":null,"data":"2026-03-10","numero":16433,"categoria":"Portaria","situacao":"Em vigor","descricao":""},{"ementa":"Disp\u00f5e sobre a contrata\u00e7\u00e3o tempor\u00e1ria de Raquel Simi\u00e3o dos Santos Colloca para o exerc\u00edcio do emprego de Professora de Educa\u00e7\u00e3o Infantil.","dataAtualizacao":"2026-03-11 12:27:05","dataInicioVigencia":null,"dataFimVigencia":null,"data":"2026-03-10","numero":16432,"categoria":"Portaria","situacao":"Em vigor","descricao":""},{"ementa":"Prorroga, por mais 90 dias, o prazo para conclus\u00e3o dos trabalhos da Comiss\u00e3o de Processo Administrativo Disciplinar designada para apurar as infra\u00e7\u00f5es administrativas imputadas ao servidor L F T.","dataAtualizacao":"2026-03-11 12:26:34","dataInicioVigencia":null,"dataFimVigencia":null,"data":"2026-03-10","numero":16431,"categoria":"Portaria","situacao":"Em vigor","descricao":""},{"ementa":"Convoca Caio Eduardo da Silva, Chefe de Divis\u00e3o de Manuten\u00e7\u00e3o e Limpeza de Pr\u00e9dios P\u00fablicos, para retornar \u00e0s suas atividades e d\u00e1 outras provid\u00eancias.","dataAtualizacao":"2026-03-11 12:26:06","dataInicioVigencia":null,"dataFimVigencia":null,"data":"2026-03-09","numero":16430,"categoria":"Portaria","situacao":"Em vigor","descricao":""},{"ementa":"Designa Luiza Sebastiana Henrique para responder pela fun\u00e7\u00e3o comissionada de Chefe de Divis\u00e3o da Juventude.","dataAtualizacao":"2026-03-11 12:23:13","dataInicioVigencia":null,"dataFimVigencia":null,"data":"2026-03-09","numero":16428,"categoria":"Portaria","situacao":"Em vigor","descricao":""},{"ementa":"Disp\u00f5e sobre a composi\u00e7\u00e3o da Diretoria do Conselho Municipal de Seguran\u00e7a P\u00fablica.","dataAtualizacao":"2026-03-11 12:21:27","dataInicioVigencia":null,"dataFimVigencia":null,"data":"2026-03-09","numero":16425,"categoria":"Portaria","situacao":"Em vigor","descricao":""},{"ementa":"Estabelece novo hor\u00e1rio de trabalho para o servidor Wilson Marcos Ferreira, Agente Escolar.","dataAtualizacao":"2026-03-11 12:23:42","dataInicioVigencia":null,"dataFimVigencia":null,"data":"2026-03-09","numero":14629,"categoria":"Portaria","situacao":"Em vigor","descricao":""},{"ementa":"Designa Gestor para o Termo de Fomento n\u00ba 06\/2025 e d\u00e1 outras provid\u00eancias.","dataAtualizacao":"2026-03-11 12:22:44","dataInicioVigencia":null,"dataFimVigencia":null,"data":"2026-03-09","numero":14427,"categoria":"Portaria","situacao":"Em vigor","descricao":""},{"ementa":"Estabelece novo hor\u00e1rio de trabalho para a servidora Tuani Medeiros Viana, Fisioterapeuta.","dataAtualizacao":"2026-03-11 12:22:06","dataInicioVigencia":null,"dataFimVigencia":null,"data":"2026-03-09","numero":14426,"categoria":"Portaria","situacao":"Em vigor","descricao":""},{"ementa":"Designa Gestor e Fiscal do Contrato n\u00ba 03\/2026, referente ao Processo n\u00ba 007\/2026, na modalidade Dispensa de Licita\u00e7\u00e3o n\u00ba 002\/2026.","dataAtualizacao":"2026-03-11 12:19:31","dataInicioVigencia":null,"dataFimVigencia":null,"data":"2026-03-06","numero":16424,"categoria":"Portaria","situacao":"Em vigor","descricao":""},{"ementa":"Estabelece novo hor\u00e1rio de trabalho para a servidora Ashley Romanato Mendes Zanuto, Coordenadora Pedag\u00f3gica.","dataAtualizacao":"2026-03-11 12:18:57","dataInicioVigencia":null,"dataFimVigencia":null,"data":"2026-03-06","numero":16423,"categoria":"Portaria","situacao":"Em vigor","descricao":""},{"ementa":"Designa Gestor e Respons\u00e1vel T\u00e9cnico do conv\u00eanio a ser firmado com a Secretaria de Governo e Rela\u00e7\u00f5es Institucionais","dataAtualizacao":"2026-03-11 12:19:50","dataInicioVigencia":null,"dataFimVigencia":null,"data":"2026-03-06","numero":16422,"categoria":"Portaria","situacao":"Em vigor","descricao":""},{"ementa":"Designa Pregoeiro e Equipe de Apoio para o Processo Licitat\u00f3rio n\u00ba 019\/2026, na modalidade Preg\u00e3o Eletr\u00f4nico n\u00ba 10\/2026.","dataAtualizacao":"2026-03-11 12:17:58","dataInicioVigencia":null,"dataFimVigencia":null,"data":"2026-03-06","numero":16421,"categoria":"Portaria","situacao":"Em vigor","descricao":""},{"ementa":"Regulamenta a Lei Municipal n\u00ba 5.151, de 03 de fevereiro de 2026, que institui o Programa de Premia\u00e7\u00e3o por M\u00e9rito Educacional, e estabelece as competi\u00e7\u00f5es reconhecidas, crit\u00e9rios de avalia\u00e7\u00e3o e formas de pagamento.","dataAtualizacao":"2026-03-11 11:35:27","dataInicioVigencia":null,"dataFimVigencia":null,"data":"2026-03-06","numero":4973,"categoria":"Decreto","situacao":"Em vigor","descricao":""},{"ementa":"Disp\u00f5e sobre a cessa\u00e7\u00e3o do pagamento de gratifica\u00e7\u00e3o prevista na Lei Municipal n\u00ba 4.657\/2023, em raz\u00e3o da vig\u00eancia da Lei Municipal n\u00ba 4.979\/2025.","dataAtualizacao":"2026-03-11 11:34:29","dataInicioVigencia":null,"dataFimVigencia":null,"data":"2026-03-06","numero":4972,"categoria":"Decreto","situacao":"Em vigor","descricao":""},{"ementa":"Designa Pregoeiro e Equipe de Apoio para o Processo Licitat\u00f3rio n\u00ba 018\/2026, na modalidade Preg\u00e3o Eletr\u00f4nico n\u00ba 09\/2026.","dataAtualizacao":"2026-03-11 12:16:17","dataInicioVigencia":null,"dataFimVigencia":null,"data":"2026-03-05","numero":16420,"categoria":"Portaria","situacao":"Em vigor","descricao":""},{"ementa":"Disp\u00f5e sobre a composi\u00e7\u00e3o da Diretoria do Conselho Municipal de Controle Social dos Servi\u00e7os P\u00fablicos de Saneamento B\u00e1sico.","dataAtualizacao":"2026-03-11 12:15:42","dataInicioVigencia":null,"dataFimVigencia":null,"data":"2026-03-04","numero":16419,"categoria":"Portaria","situacao":"Em vigor","descricao":""},{"ementa":"Estabelece novo local e hor\u00e1rio de trabalho para o servidor Jesuito Pereira de Barros, Ajudante de Manuten\u00e7\u00e3o.","dataAtualizacao":"2026-03-11 12:14:59","dataInicioVigencia":null,"dataFimVigencia":null,"data":"2026-03-04","numero":16418,"categoria":"Portaria","situacao":"Em vigor","descricao":""},{"ementa":"Estabelece novo local e hor\u00e1rio de trabalho para a servidora Luana Maria Aparecida Lopes, Ajudante de Manuten\u00e7\u00e3o.","dataAtualizacao":"2026-03-11 12:13:23","dataInicioVigencia":null,"dataFimVigencia":null,"data":"2026-03-03","numero":16417,"categoria":"Portaria","situacao":"Em vigor","descricao":""},{"ementa":"\u201cDisp\u00f5e sobre a cria\u00e7\u00e3o da Divis\u00e3o da Juventude e d\u00e1 outras provid\u00eancias\u201d.","dataAtualizacao":"2026-03-11 11:54:54","dataInicioVigencia":null,"dataFimVigencia":null,"data":"2026-03-03","numero":5186,"categoria":"Lei Ordin\u00e1ria","situacao":"Em vigor","descricao":""},{"ementa":"Disp\u00f5e sobre abertura de cr\u00e9dito suplementar no valor de R$ 223.000,00 e d\u00e1 outras provid\u00eancias.","dataAtualizacao":"2026-03-11 11:54:22","dataInicioVigencia":null,"dataFimVigencia":null,"data":"2026-03-03","numero":5185,"categoria":"Lei Ordin\u00e1ria","situacao":"Em vigor","descricao":""},{"ementa":"Disp\u00f5e sobre abertura de cr\u00e9dito suplementar no valor de R$ 38.000,00 e d\u00e1 outras provid\u00eancias.","dataAtualizacao":"2026-03-11 11:53:53","dataInicioVigencia":null,"dataFimVigencia":null,"data":"2026-03-03","numero":5184,"categoria":"Lei Ordin\u00e1ria","situacao":"Em vigor","descricao":""},{"ementa":"Autoriza o Poder Executivo Municipal de Ipu\u00e3 a firmar Termo de Colabora\u00e7\u00e3o com a Funda\u00e7\u00e3o Espirita Judas Iscariotes para fins de manuten\u00e7\u00e3o da Resid\u00eancia Inclusiva destinada ao acolhimento institucional de jovens e adultos com defici\u00eancia, que n\u00e3o tem condi\u00e7\u00f5es de autossustentabilidade ou suporte familiar.","dataAtualizacao":"2026-03-11 11:53:30","dataInicioVigencia":null,"dataFimVigencia":null,"data":"2026-03-03","numero":5183,"categoria":"Lei Ordin\u00e1ria","situacao":"Em vigor","descricao":""},{"ementa":"\u201cAltera a reda\u00e7\u00e3o do art. 10 da Lei Municipal n\u00ba 2.483, de 19 de novembro de 2002, para estabelecer crit\u00e9rios para a substitui\u00e7\u00e3o tempor\u00e1ria de servidores p\u00fablicos e d\u00e1 outras provid\u00eancias.&quot;","dataAtualizacao":"2026-03-11 11:53:05","dataInicioVigencia":null,"dataFimVigencia":null,"data":"2026-03-03","numero":5182,"categoria":"Lei Ordin\u00e1ria","situacao":"Em vigor","descricao":""},{"ementa":"Autoriza o Poder Executivo a celebrar o 1\u00ba TERMO ADITIVO DO CONV\u00caNIO N\u00ba 01\/2025 a ser firmado com a SANTA CASA DE MISERIC\u00d3RDIA DE IPU\u00c3, CNPJ: 45.708.765\/0001-19, referente ao Plano Operativo SUS, para implanta\u00e7\u00e3o dos servi\u00e7os de ortopedia cir\u00fargica em regime de urg\u00eancia\/emerg\u00eancia, no valor de R$ 226.383,09 (duzentos e vinte e seis mil, trezentos e oitenta e tr\u00eas reais e nove centavos).","dataAtualizacao":"2026-03-11 11:52:09","dataInicioVigencia":null,"dataFimVigencia":null,"data":"2026-03-03","numero":5181,"categoria":"Lei Ordin\u00e1ria","situacao":"Em vigor","descricao":""},{"ementa":"Inclui A\u00e7\u00f5es na LDO e abre cr\u00e9dito adicional especial no valor Total de R$ 614.000,00 e d\u00e1 outras provid\u00eancias.","dataAtualizacao":"2026-03-11 11:51:33","dataInicioVigencia":null,"dataFimVigencia":null,"data":"2026-03-03","numero":5180,"categoria":"Lei Ordin\u00e1ria","situacao":"Em vigor","descricao":""},{"ementa":"Inclui A\u00e7\u00e3o na LDO e abre cr\u00e9dito adicional especial no valor Total de R$ 26.400,00 e d\u00e1 outras provid\u00eancias.","dataAtualizacao":"2026-03-11 11:51:03","dataInicioVigencia":null,"dataFimVigencia":null,"data":"2026-03-03","numero":5179,"categoria":"Lei Ordin\u00e1ria","situacao":"Em vigor","descricao":""},{"ementa":"Altera A\u00e7\u00e3o na LDO e abre cr\u00e9dito adicional especial no valor Total de R$ 510.000,00 e d\u00e1 outras provid\u00eancias.","dataAtualizacao":"2026-03-11 11:50:28","dataInicioVigencia":null,"dataFimVigencia":null,"data":"2026-03-03","numero":5178,"categoria":"Lei Ordin\u00e1ria","situacao":"Em vigor","descricao":""},{"ementa":"\u201cRevoga dispositivos da Lei Municipal n\u00ba 2.483, de 19 de novembro de 2002, que instituem aux\u00edlio a t\u00edtulo de complementa\u00e7\u00e3o de benef\u00edcio previdenci\u00e1rio a aposentados e pensionistas do Regime Geral de Previd\u00eancia Social, e d\u00e1 outras provid\u00eancias\u201d.","dataAtualizacao":"2026-03-11 11:49:51","dataInicioVigencia":null,"dataFimVigencia":null,"data":"2026-03-03","numero":5177,"categoria":"Lei Ordin\u00e1ria","situacao":"Em vigor","descricao":""},{"ementa":"Disp\u00f5e sobre a cria\u00e7\u00e3o de emprego p\u00fablico que especifica e d\u00e1 outras provid\u00eancias.","dataAtualizacao":"2026-03-11 11:49:22","dataInicioVigencia":null,"dataFimVigencia":null,"data":"2026-03-03","numero":5176,"categoria":"Lei Ordin\u00e1ria","situacao":"Em vigor","descricao":""},{"ementa":"\u201cRatifica o Aditivo de Retifica\u00e7\u00e3o ao Protocolo de Inten\u00e7\u00f5es firmado entre os Munic\u00edpios signat\u00e1rios, para a constitui\u00e7\u00e3o do Cons\u00f3rcio P\u00fablico denominado Cons\u00f3rcio Intermunicipal de Desenvolvimento Educacional e Socioec\u00f4nomico- CIDES, datado de 12\/12\/2025, para ajustar a reda\u00e7\u00e3o dos itens 12.5 e 12.5.1, e para retificar erro material referente ao CPF do Prefeito do Munic\u00edpio de Batatais, nos termos da Lei Federal n\u00ba 11.107\/2005 e do Decreto Federal n\u00ba 6.017\/2007, e d\u00e1 outras provid\u00eancias\u201d.","dataAtualizacao":"2026-03-11 11:48:48","dataInicioVigencia":null,"dataFimVigencia":null,"data":"2026-03-03","numero":5175,"categoria":"Lei Ordin\u00e1ria","situacao":"Em vigor","descricao":""},{"ementa":"Regulamenta Lei 5.185\/2026, que disp\u00f5e sobre abertura de cr\u00e9dito suplementar no valor de R$ 223.000,00 e d\u00e1 outras provid\u00eancias.","dataAtualizacao":"2026-03-11 11:31:55","dataInicioVigencia":null,"dataFimVigencia":null,"data":"2026-03-03","numero":4971,"categoria":"Decreto","situacao":"Em vigor","descricao":""},{"ementa":"Regulamenta Lei 5.184\/2026, que disp\u00f5e sobre abertura de cr\u00e9dito suplementar no valor de R$ 38.000,00 e d\u00e1 outras provid\u00eancias.","dataAtualizacao":"2026-03-11 11:31:22","dataInicioVigencia":null,"dataFimVigencia":null,"data":"2026-03-03","numero":4970,"categoria":"Decreto","situacao":"Em vigor","descricao":""},{"ementa":"Regulamenta Lei 5.180\/2026, que inclui A\u00e7\u00f5es na LDO e abre cr\u00e9dito adicional especial no valor Total de R$ 614.000,00 e d\u00e1 outras provid\u00eancias.","dataAtualizacao":"2026-03-11 11:30:50","dataInicioVigencia":null,"dataFimVigencia":null,"data":"2026-03-03","numero":4969,"categoria":"Decreto","situacao":"Em vigor","descricao":""},{"ementa":"Regulamenta Lei 5.179\/2026, que inclui A\u00e7\u00e3o na LDO e abre cr\u00e9dito adicional especial no valor Total de R$ 26.400,00 e d\u00e1 outras provid\u00eancias.","dataAtualizacao":"2026-03-11 11:29:39","dataInicioVigencia":null,"dataFimVigencia":null,"data":"2026-03-03","numero":4968,"categoria":"Decreto","situacao":"Em vigor","descricao":""},{"ementa":"Regulamenta Lei 5.178\/2026, que altera A\u00e7\u00e3o na LDO e abre cr\u00e9dito adicional especial no valor Total de R$ 510.000,00 e d\u00e1 outras provid\u00eancias.","dataAtualizacao":"2026-03-11 11:27:51","dataInicioVigencia":null,"dataFimVigencia":null,"data":"2026-03-03","numero":4967,"categoria":"Decreto","situacao":"Em vigor","descricao":""},{"ementa":"Designa Gestor para o Conv\u00eanio n\u00ba 01\/2025 e d\u00e1 outras provid\u00eancias.","dataAtualizacao":"2026-03-11 12:12:53","dataInicioVigencia":null,"dataFimVigencia":null,"data":"2026-03-02","numero":16416,"categoria":"Portaria","situacao":"Em vigor","descricao":""},{"ementa":"Designa Gestor para o Termo de Colabora\u00e7\u00e3o n\u00ba 01\/2025 e d\u00e1 outras provid\u00eancias.","dataAtualizacao":"2026-03-11 12:12:09","dataInicioVigencia":null,"dataFimVigencia":null,"data":"2026-03-02","numero":16415,"categoria":"Portaria","situacao":"Em vigor","descricao":""},{"ementa":"Designa Gestor para o Termo de Colabora\u00e7\u00e3o n\u00ba 02\/2025 e d\u00e1 outras provid\u00eancias.","dataAtualizacao":"2026-03-11 12:11:18","dataInicioVigencia":null,"dataFimVigencia":null,"data":"2026-03-02","numero":16414,"categoria":"Portaria","situacao":"Em vigor","descricao":""},{"ementa":"Designa Gestor para o Termo de Fomento n\u00ba 02\/2025 e d\u00e1 outras provid\u00eancias.","dataAtualizacao":"2026-03-11 12:10:32","dataInicioVigencia":null,"dataFimVigencia":null,"data":"2026-03-02","numero":16413,"categoria":"Portaria","situacao":"Em vigor","descricao":""},{"ementa":"Disp\u00f5e sobre a composi\u00e7\u00e3o da Diretoria do Conselho Municipal dos Direitos Humanos.","dataAtualizacao":"2026-03-11 12:10:04","dataInicioVigencia":null,"dataFimVigencia":null,"data":"2026-03-02","numero":16412,"categoria":"Portaria","situacao":"Em vigor","descricao":""},{"ementa":"Designa Gestor e Fiscal do Contrato n\u00ba 01\/2026, referente ao Processo n\u00ba 111\/2025, na modalidade Concorr\u00eancia Eletr\u00f4nica n\u00ba 007\/2025.","dataAtualizacao":"2026-03-11 12:09:33","dataInicioVigencia":null,"dataFimVigencia":null,"data":"2026-03-02","numero":16411,"categoria":"Portaria","situacao":"Em vigor","descricao":""},{"ementa":"\u201cAutoriza o Poder Executivo Municipal a realizar procedimento licitat\u00f3rio, na modalidade Preg\u00e3o Eletr\u00f4nico, visando \u00e0 cess\u00e3o onerosa do direito de gest\u00e3o e operacionaliza\u00e7\u00e3o da folha de pagamento do Munic\u00edpio e d\u00e1 outras provid\u00eancias.\u201d","dataAtualizacao":"2026-03-11 11:27:14","dataInicioVigencia":null,"dataFimVigencia":null,"data":"2026-03-02","numero":4966,"categoria":"Decreto","situacao":"Em vigor","descricao":""},{"ementa":"Designa Gestor das Atas de Registro de Pre\u00e7os n\u00ba 003 a 009\/2026, referente ao Processo Licitat\u00f3rio n\u00ba 102\/2025, na modalidade Preg\u00e3o Eletr\u00f4nico n\u00ba 054\/2025.","dataAtualizacao":"2026-03-11 12:06:15","dataInicioVigencia":null,"dataFimVigencia":null,"data":"2026-02-27","numero":16410,"categoria":"Portaria","situacao":"Em vigor","descricao":""},{"ementa":"Designa Gestor das Atas de Registro de Pre\u00e7os n\u00ba 010 a 016\/2026, referente ao Processo Licitat\u00f3rio n\u00ba 109\/2025, na modalidade Preg\u00e3o Eletr\u00f4nico n\u00ba 058\/2025.","dataAtualizacao":"2026-03-11 12:05:40","dataInicioVigencia":null,"dataFimVigencia":null,"data":"2026-02-27","numero":16409,"categoria":"Portaria","situacao":"Em vigor","descricao":""},{"ementa":"Disp\u00f5e sobre a contrata\u00e7\u00e3o tempor\u00e1ria de Rosiane Cristina Ortegozo para o exerc\u00edcio do emprego de Merendeira.","dataAtualizacao":"2026-03-11 12:05:12","dataInicioVigencia":null,"dataFimVigencia":null,"data":"2026-02-27","numero":16408,"categoria":"Portaria","situacao":"Em vigor","descricao":""},{"ementa":"Estabelece novo hor\u00e1rio de trabalho para o servidor Edison Moreira, Motorista.","dataAtualizacao":"2026-03-11 12:04:48","dataInicioVigencia":null,"dataFimVigencia":null,"data":"2026-02-27","numero":16407,"categoria":"Portaria","situacao":"Em vigor","descricao":""},{"ementa":"Estabelece novo hor\u00e1rio de trabalho para o servidor Marcelo Rufini, Motorista.","dataAtualizacao":"2026-03-11 12:04:21","dataInicioVigencia":null,"dataFimVigencia":null,"data":"2026-02-27","numero":16406,"categoria":"Portaria","situacao":"Em vigor","descricao":""},{"ementa":"Estabelece novo hor\u00e1rio de trabalho para o servidor Luiz Carlos Alves de Medeiros, Ajudante de Manuten\u00e7\u00e3o.","dataAtualizacao":"2026-03-11 12:03:54","dataInicioVigencia":null,"dataFimVigencia":null,"data":"2026-02-27","numero":16405,"categoria":"Portaria","situacao":"Em vigor","descricao":""},{"ementa":"Estabelece novo hor\u00e1rio de trabalho para o servidor Astrogildo Roque Venceslau, Ajudante de Manuten\u00e7\u00e3o.","dataAtualizacao":"2026-03-11 12:03:28","dataInicioVigencia":null,"dataFimVigencia":null,"data":"2026-02-27","numero":16404,"categoria":"Portaria","situacao":"Em vigor","descricao":""},{"ementa":"Estabelece novo hor\u00e1rio de trabalho para o servidor Clemens Lig\u00f3rio e Silva, Ajudante de Manuten\u00e7\u00e3o.","dataAtualizacao":"2026-03-11 12:03:01","dataInicioVigencia":null,"dataFimVigencia":null,"data":"2026-02-27","numero":16403,"categoria":"Portaria","situacao":"Em vigor","descricao":""},{"ementa":"Estabelece novo hor\u00e1rio de trabalho para o servidor Rodrigo Vilarindo da Silva, Ajudante de Manuten\u00e7\u00e3o.","dataAtualizacao":"2026-03-11 12:02:34","dataInicioVigencia":null,"dataFimVigencia":null,"data":"2026-02-27","numero":16402,"categoria":"Portaria","situacao":"Em vigor","descricao":""},{"ementa":"Estabelece novo hor\u00e1rio de trabalho para o servidor Paulo Jose do Nascimento, Ajudante de Manuten\u00e7\u00e3o.","dataAtualizacao":"2026-03-11 12:02:09","dataInicioVigencia":null,"dataFimVigencia":null,"data":"2026-02-27","numero":16401,"categoria":"Portaria","situacao":"Em vigor","descricao":""},{"ementa":"Estabelece novo hor\u00e1rio de trabalho para o servidor Jesuito Pereira de Barros, Ajudante de Manuten\u00e7\u00e3o.","dataAtualizacao":"2026-03-11 12:01:07","dataInicioVigencia":null,"dataFimVigencia":null,"data":"2026-02-27","numero":16400,"categoria":"Portaria","situacao":"Em vigor","descricao":""},{"ementa":"Estabelece novo hor\u00e1rio de trabalho para o servidor Helio Ferreira, Ajudante de Manuten\u00e7\u00e3o.","dataAtualizacao":"2026-03-11 12:00:33","dataInicioVigencia":null,"dataFimVigencia":null,"data":"2026-02-27","numero":16399,"categoria":"Portaria","situacao":"Em vigor","descricao":""},{"ementa":"Estabelece novo hor\u00e1rio de trabalho para o servidor Fernando Martins Sperandir, Ajudante de Manuten\u00e7\u00e3o.","dataAtualizacao":"2026-03-11 12:00:06","dataInicioVigencia":null,"dataFimVigencia":null,"data":"2026-02-27","numero":16398,"categoria":"Portaria","situacao":"Em vigor","descricao":""},{"ementa":"Estabelece novo hor\u00e1rio de trabalho para o servidor Alcides Katalenic Junior, Ajudante de Manuten\u00e7\u00e3o.","dataAtualizacao":"2026-03-11 11:59:34","dataInicioVigencia":null,"dataFimVigencia":null,"data":"2026-02-27","numero":16397,"categoria":"Portaria","situacao":"Em vigor","descricao":""},{"ementa":"Prorroga, por mais 90 dias, o prazo para conclus\u00e3o dos trabalhos da Comiss\u00e3o de Processo Administrativo Disciplinar designada para apurar as infra\u00e7\u00f5es administrativas imputadas a servidora C R.","dataAtualizacao":"2026-03-16 10:15:42","dataInicioVigencia":null,"dataFimVigencia":null,"data":"2026-02-27","numero":16396,"categoria":"Portaria","situacao":"Em vigor","descricao":""},{"ementa":"Designa Agente de Contrata\u00e7\u00e3o e Equipe de Apoio para o Processo Licitat\u00f3rio n\u00ba 017\/2026, na modalidade Concorr\u00eancia Eletr\u00f4nica n\u00ba 003\/2026.","dataAtualizacao":"2026-03-11 11:59:01","dataInicioVigencia":null,"dataFimVigencia":null,"data":"2026-02-27","numero":16395,"categoria":"Portaria","situacao":"Em vigor","descricao":""},{"ementa":"Abre no or\u00e7amento vigente cr\u00e9dito adicional suplementar no valor de R$ 40.800,00 e da outras provid\u00eancias","dataAtualizacao":"2026-03-16 10:19:18","dataInicioVigencia":null,"dataFimVigencia":null,"data":"2026-02-26","numero":4965,"categoria":"Decreto","situacao":"Em vigor","descricao":""},{"ementa":"Regulamenta a Lei Municipal n\u00ba 5.151, de 03 de fevereiro de 2026, que institui o Programa de Premia\u00e7\u00e3o por M\u00e9rito Educacional, e estabelece as competi\u00e7\u00f5es reconhecidas, crit\u00e9rios de avalia\u00e7\u00e3o e formas de pagamento.","dataAtualizacao":"2026-02-26 16:56:06","dataInicioVigencia":null,"dataFimVigencia":null,"data":"2026-02-26","numero":4964,"categoria":"Decreto","situacao":"Em vigor","descricao":""},{"ementa":"Designa Pregoeiro e Equipe de Apoio para o Processo Licitat\u00f3rio n\u00ba 016\/2026, na modalidade Preg\u00e3o Eletr\u00f4nico n\u00ba 008\/2026.","dataAtualizacao":"2026-02-26 16:18:19","dataInicioVigencia":null,"dataFimVigencia":null,"data":"2026-02-25","numero":16394,"categoria":"Portaria","situacao":"Em vigor","descricao":""},{"ementa":"Designa Pregoeiro e Equipe de Apoio para o Processo Licitat\u00f3rio n\u00ba 015\/2026, na modalidade Preg\u00e3o Eletr\u00f4nico n\u00ba 007\/2026.","dataAtualizacao":"2026-02-26 16:17:49","dataInicioVigencia":null,"dataFimVigencia":null,"data":"2026-02-25","numero":16393,"categoria":"Portaria","situacao":"Em vigor","descricao":""},{"ementa":"Disp\u00f5e sobre a regulariza\u00e7\u00e3o do registro funcional do servidor Thiago Oliveira da Fonseca quanto \u00e0 sua admiss\u00e3o em vaga especial.","dataAtualizacao":"2026-02-26 16:17:24","dataInicioVigencia":null,"dataFimVigencia":null,"data":"2026-02-25","numero":16392,"categoria":"Portaria","situacao":"Em vigor","descricao":""},{"ementa":"Estabelece novo local e hor\u00e1rio de trabalho para a servidora Iara Barbeto Ferreira, Ajudante de Manuten\u00e7\u00e3o.","dataAtualizacao":"2026-02-26 16:16:36","dataInicioVigencia":null,"dataFimVigencia":null,"data":"2026-02-25","numero":16391,"categoria":"Portaria","situacao":"Em vigor","descricao":""},{"ementa":"Designa Pregoeiro e Equipe de Apoio para o Processo Licitat\u00f3rio n\u00ba 014\/2026, na modalidade Preg\u00e3o Eletr\u00f4nico n\u00ba 006\/2026.","dataAtualizacao":"2026-02-26 16:16:10","dataInicioVigencia":null,"dataFimVigencia":null,"data":"2026-02-25","numero":16390,"categoria":"Portaria","situacao":"Em vigor","descricao":""},{"ementa":"Estabelece novo hor\u00e1rio de trabalho para o servidor Jonas Lopes Junior, Ajudante de Manuten\u00e7\u00e3o.","dataAtualizacao":"2026-02-26 16:15:41","dataInicioVigencia":null,"dataFimVigencia":null,"data":"2026-02-25","numero":16389,"categoria":"Portaria","situacao":"Em vigor","descricao":""},{"ementa":"Estabelece novo hor\u00e1rio de trabalho para a servidora Sabrina de Assis Guedes, Ajudante de Manuten\u00e7\u00e3o.","dataAtualizacao":"2026-02-26 16:15:06","dataInicioVigencia":null,"dataFimVigencia":null,"data":"2026-02-25","numero":16388,"categoria":"Portaria","situacao":"Em vigor","descricao":""},{"ementa":"Estabelece novo hor\u00e1rio de trabalho para a servidora Kely Cristina dos Santos, Auxiliar de Limpeza.","dataAtualizacao":"2026-02-26 16:14:16","dataInicioVigencia":null,"dataFimVigencia":null,"data":"2026-02-25","numero":16387,"categoria":"Portaria","situacao":"Em vigor","descricao":""},{"ementa":"Estabelece novo hor\u00e1rio de trabalho para a servidora Stef\u00e2nia Silva de Paula, Assistente Social.","dataAtualizacao":"2026-02-26 16:13:46","dataInicioVigencia":null,"dataFimVigencia":null,"data":"2026-02-24","numero":16386,"categoria":"Portaria","situacao":"Em vigor","descricao":""},{"ementa":"Estabelece novo hor\u00e1rio de trabalho para a servidora Fulvia Cristina da Cruz, Assistente Social.","dataAtualizacao":"2026-02-26 16:13:17","dataInicioVigencia":null,"dataFimVigencia":null,"data":"2026-02-24","numero":16385,"categoria":"Portaria","situacao":"Em vigor","descricao":""},{"ementa":"Contrata Thalisson Davi Nunes para o emprego permanente de Ajudante de Manuten\u00e7\u00e3o","dataAtualizacao":"2026-02-26 16:07:49","dataInicioVigencia":null,"dataFimVigencia":null,"data":"2026-02-24","numero":16384,"categoria":"Portaria","situacao":"Em vigor","descricao":""},{"ementa":"Disp\u00f5e sobre a contrata\u00e7\u00e3o tempor\u00e1ria de Benedita Aparecida Parreira para o exerc\u00edcio do emprego de Monitora de Deficiente.","dataAtualizacao":"2026-02-26 16:06:48","dataInicioVigencia":null,"dataFimVigencia":null,"data":"2026-02-24","numero":16383,"categoria":"Portaria","situacao":"Em vigor","descricao":""},{"ementa":"Disp\u00f5e sobre a contrata\u00e7\u00e3o tempor\u00e1ria de Tereza Marcela Pilan Moraes para o exerc\u00edcio do emprego de Monitora de Deficiente.","dataAtualizacao":"2026-02-26 16:05:59","dataInicioVigencia":null,"dataFimVigencia":null,"data":"2026-02-24","numero":16382,"categoria":"Portaria","situacao":"Em vigor","descricao":""},{"ementa":"Estabelece novo hor\u00e1rio de trabalho para o servidor Gustavo Ferreira, Engenheiro Ambiental.","dataAtualizacao":"2026-02-26 16:05:26","dataInicioVigencia":null,"dataFimVigencia":null,"data":"2026-02-24","numero":16381,"categoria":"Portaria","situacao":"Em vigor","descricao":""},{"ementa":"Estabelece novo local e hor\u00e1rio de trabalho para o servidor Ren\u00ea Araujo dos Santos, Motorista.","dataAtualizacao":"2026-02-26 15:50:51","dataInicioVigencia":null,"dataFimVigencia":null,"data":"2026-02-23","numero":16380,"categoria":"Portaria","situacao":"Em vigor","descricao":""},{"ementa":"Estabelece novo local e hor\u00e1rio de trabalho para o servidor Diego Henrique de Ara\u00fajo, Motorista.","dataAtualizacao":"2026-02-26 15:50:17","dataInicioVigencia":null,"dataFimVigencia":null,"data":"2026-02-23","numero":16379,"categoria":"Portaria","situacao":"Em vigor","descricao":""},{"ementa":"Altera a composi\u00e7\u00e3o da Junta Administrativa de Recursos de Infra\u00e7\u00f5es (JARI) e d\u00e1 outras provid\u00eancias.","dataAtualizacao":"2026-02-26 12:39:49","dataInicioVigencia":null,"dataFimVigencia":null,"data":"2026-02-23","numero":4963,"categoria":"Decreto","situacao":"Em vigor","descricao":""},{"ementa":"Disp\u00f5e sobre a nomea\u00e7\u00e3o dos membros do Conselho Municipal de Direitos Humanos e d\u00e1 outras provid\u00eancias.","dataAtualizacao":"2026-02-26 12:39:20","dataInicioVigencia":null,"dataFimVigencia":null,"data":"2026-02-23","numero":4962,"categoria":"Decreto","situacao":"Em vigor","descricao":""},{"ementa":"Disp\u00f5e sobre a renomea\u00e7\u00e3o dos membros do Conselho Municipal do Idoso e d\u00e1 outras provid\u00eancias.","dataAtualizacao":"2026-02-26 12:38:53","dataInicioVigencia":null,"dataFimVigencia":null,"data":"2026-02-23","numero":4961,"categoria":"Decreto","situacao":"Em vigor","descricao":""},{"ementa":"Disp\u00f5e sobre a renomea\u00e7\u00e3o dos membros do Conselho Municipal de Seguran\u00e7a Alimentar e Nutricional Saud\u00e1vel e d\u00e1 outras provid\u00eancias.","dataAtualizacao":"2026-02-26 12:38:06","dataInicioVigencia":null,"dataFimVigencia":null,"data":"2026-02-23","numero":4960,"categoria":"Decreto","situacao":"Em vigor","descricao":""},{"ementa":"Disp\u00f5e sobre a renomea\u00e7\u00e3o dos membros do Conselho Municipal de Saneamento B\u00e1sico e d\u00e1 outras provid\u00eancias.","dataAtualizacao":"2026-02-26 12:38:20","dataInicioVigencia":null,"dataFimVigencia":null,"data":"2026-02-23","numero":4959,"categoria":"Decreto","situacao":"Em vigor","descricao":""},{"ementa":"Estabelece novo local e hor\u00e1rio de trabalho para a servidora Regina Claudino da Silva Firmino, Ajudante de Manuten\u00e7\u00e3o.","dataAtualizacao":"2026-02-26 15:49:48","dataInicioVigencia":null,"dataFimVigencia":null,"data":"2026-02-20","numero":16378,"categoria":"Portaria","situacao":"Em vigor","descricao":""},{"ementa":"Disp\u00f5e sobre a contrata\u00e7\u00e3o tempor\u00e1ria de Wanessa de Cassia Aparecida da Silveira para o exerc\u00edcio do emprego de Monitora de Creche, CEPEM e CEMEI.","dataAtualizacao":"2026-02-26 15:48:57","dataInicioVigencia":null,"dataFimVigencia":null,"data":"2026-02-20","numero":16377,"categoria":"Portaria","situacao":"Em vigor","descricao":""},{"ementa":"Regulamenta Lei 5.171\/2026, que disp\u00f5e sobre abertura de cr\u00e9dito suplementar no valor de R$ 5.000,00 e d\u00e1 outras provid\u00eancias.","dataAtualizacao":"2026-02-26 12:36:33","dataInicioVigencia":null,"dataFimVigencia":null,"data":"2026-02-20","numero":4958,"categoria":"Decreto","situacao":"Em vigor","descricao":""},{"ementa":"Designa Comiss\u00e3o de Monitoramento e Avalia\u00e7\u00e3o referente ao Termo de Fomento n\u00ba 02\/2025, e d\u00e1 outras provid\u00eancias.","dataAtualizacao":"2026-02-26 15:46:26","dataInicioVigencia":null,"dataFimVigencia":null,"data":"2026-02-19","numero":16376,"categoria":"Portaria","situacao":"Em vigor","descricao":""},{"ementa":"Designa Gestora para o Conv\u00eanio n\u00ba 01\/2025 e d\u00e1 outras provid\u00eancias.","dataAtualizacao":"2026-02-26 15:46:00","dataInicioVigencia":null,"dataFimVigencia":null,"data":"2026-02-19","numero":16375,"categoria":"Portaria","situacao":"Em vigor","descricao":""},{"ementa":"Designa Gestor para o Termo de Fomento n\u00ba 07\/2025 e d\u00e1 outras provid\u00eancias.","dataAtualizacao":"2026-02-26 15:45:10","dataInicioVigencia":null,"dataFimVigencia":null,"data":"2026-02-19","numero":16374,"categoria":"Portaria","situacao":"Em vigor","descricao":""},{"ementa":"Designa Gestora para o Termo de Fomento n\u00ba 02\/2025 e d\u00e1 outras provid\u00eancias.","dataAtualizacao":"2026-02-26 15:44:41","dataInicioVigencia":null,"dataFimVigencia":null,"data":"2026-02-19","numero":16373,"categoria":"Portaria","situacao":"Em vigor","descricao":""},{"ementa":"Designa Gestora para o Termo de Colabora\u00e7\u00e3o n\u00ba 02\/2025 e d\u00e1 outras provid\u00eancias.","dataAtualizacao":"2026-02-26 15:44:07","dataInicioVigencia":null,"dataFimVigencia":null,"data":"2026-02-19","numero":16372,"categoria":"Portaria","situacao":"Em vigor","descricao":""},{"ementa":"Designa Gestora para o Termo de Colabora\u00e7\u00e3o n\u00ba 01\/2025 e d\u00e1 outras provid\u00eancias.","dataAtualizacao":"2026-02-26 15:43:21","dataInicioVigencia":null,"dataFimVigencia":null,"data":"2026-02-19","numero":16371,"categoria":"Portaria","situacao":"Em vigor","descricao":""},{"ementa":"Designa Comiss\u00e3o para Avalia\u00e7\u00e3o de Amostras para o Processo Licitat\u00f3rio n\u00ba 122\/2025, na modalidade Preg\u00e3o Eletr\u00f4nico n\u00ba 066\/2025.","dataAtualizacao":"2026-02-25 17:10:00","dataInicioVigencia":null,"dataFimVigencia":null,"data":"2026-02-19","numero":16370,"categoria":"Portaria","situacao":"Em vigor","descricao":""},{"ementa":"\u201cAltera a refer\u00eancia inicial do emprego de Coordenador Pedag\u00f3gico de Educa\u00e7\u00e3o B\u00e1sica e d\u00e1 outras provid\u00eancias\u201d","dataAtualizacao":"2026-02-26 12:23:47","dataInicioVigencia":null,"dataFimVigencia":null,"data":"2026-02-19","numero":5174,"categoria":"Lei Ordin\u00e1ria","situacao":"Em vigor","descricao":""},{"ementa":"\u201cAutoriza o Poder Executivo a aplicar os efeitos financeiros da Lei Municipal n\u00ba 5.162, de 03 de fevereiro de 2026, de forma retroativa, e d\u00e1 outras provid\u00eancias\u201d","dataAtualizacao":"2026-02-26 12:23:10","dataInicioVigencia":null,"dataFimVigencia":null,"data":"2026-02-19","numero":5173,"categoria":"Lei Ordin\u00e1ria","situacao":"Em vigor","descricao":""},{"ementa":"\u201cDisp\u00f5e sobre a altera\u00e7\u00e3o do Anexo \u00danico da Lei Municipal n\u00ba 5.154, de 03 de fevereiro de 2.026, para modificar as atribui\u00e7\u00f5es e a nomenclatura do emprego p\u00fablico de Monitor de Creche, e d\u00e1 outras provid\u00eancias\u201d","dataAtualizacao":"2026-02-26 12:22:43","dataInicioVigencia":null,"dataFimVigencia":null,"data":"2026-02-19","numero":5172,"categoria":"Lei Ordin\u00e1ria","situacao":"Em vigor","descricao":""},{"ementa":"Disp\u00f5e sobre abertura de cr\u00e9dito suplementar no valor de R$ 5.000,00 e d\u00e1 outras provid\u00eancias.","dataAtualizacao":"2026-02-26 12:22:11","dataInicioVigencia":null,"dataFimVigencia":null,"data":"2026-02-19","numero":5171,"categoria":"Lei Ordin\u00e1ria","situacao":"Em vigor","descricao":""},{"ementa":"Regulamenta Lei 5.171\/2026, que disp\u00f5e sobre abertura de cr\u00e9dito suplementar no valor de R$ 5.000,00 e d\u00e1 outras provid\u00eancias.","dataAtualizacao":"2026-02-26 12:32:44","dataInicioVigencia":null,"dataFimVigencia":null,"data":"2026-02-19","numero":4957,"categoria":"Decreto","situacao":"Em vigor","descricao":""},{"ementa":"Designa Agente de Contrata\u00e7\u00e3o e Equipe de Apoio para o Processo Licitat\u00f3rio n\u00ba 013\/2026, na modalidade Concorr\u00eancia Eletr\u00f4nica n\u00ba 002\/2026.","dataAtualizacao":"2026-02-25 17:09:31","dataInicioVigencia":null,"dataFimVigencia":null,"data":"2026-02-13","numero":16369,"categoria":"Portaria","situacao":"Em vigor","descricao":""},{"ementa":"Disp\u00f5e sobre a designa\u00e7\u00e3o, em car\u00e1ter excepcional e prec\u00e1rio, da servidora Liliane Cristina da Silva Morete, para exercer o emprego de Agente de Apoio ao Estudante da Educa\u00e7\u00e3o Especial, e d\u00e1 outras provid\u00eancias.","dataAtualizacao":"2026-02-25 17:09:05","dataInicioVigencia":null,"dataFimVigencia":null,"data":"2026-02-12","numero":16368,"categoria":"Portaria","situacao":"Em vigor","descricao":""},{"ementa":"Disp\u00f5e sobre a designa\u00e7\u00e3o, em car\u00e1ter excepcional e prec\u00e1rio, da servidora Maria Auxiliadora de Souza Resende, para exercer o emprego de Agente de Apoio ao Estudante da Educa\u00e7\u00e3o Especial, e d\u00e1 outras provid\u00eancias.","dataAtualizacao":"2026-02-25 17:08:31","dataInicioVigencia":null,"dataFimVigencia":null,"data":"2026-02-12","numero":16367,"categoria":"Portaria","situacao":"Em vigor","descricao":""},{"ementa":"Revoga a Portaria n\u00ba 16.298, de 30 de janeiro de 2026.","dataAtualizacao":"2026-02-25 17:07:53","dataInicioVigencia":null,"dataFimVigencia":null,"data":"2026-02-12","numero":16366,"categoria":"Portaria","situacao":"Em vigor","descricao":""},{"ementa":"Revoga a Portaria n\u00ba 16.080, de 29 de outubro de 2026.","dataAtualizacao":"2026-02-25 12:31:05","dataInicioVigencia":null,"dataFimVigencia":null,"data":"2026-02-12","numero":16365,"categoria":"Portaria","situacao":"Em vigor","descricao":""},{"ementa":"Estabelece novo local e hor\u00e1rio de trabalho para a servidora Maria Isabel da Silva, Monitora de Creche, CEMEI e CEPEM.","dataAtualizacao":"2026-02-25 12:30:32","dataInicioVigencia":null,"dataFimVigencia":null,"data":"2026-02-12","numero":16364,"categoria":"Portaria","situacao":"Em vigor","descricao":""},{"ementa":"Estabelece novo local e hor\u00e1rio de trabalho para a servidora Silvana Messias Pereira, Ajudante de Manuten\u00e7\u00e3o.","dataAtualizacao":"2026-02-25 12:29:56","dataInicioVigencia":null,"dataFimVigencia":null,"data":"2026-02-12","numero":16363,"categoria":"Portaria","situacao":"Em vigor","descricao":""},{"ementa":"Estabelece novo hor\u00e1rio de trabalho para o servidor Robson Rodrigues Cirqueira, Motorista.","dataAtualizacao":"2026-02-25 12:29:26","dataInicioVigencia":null,"dataFimVigencia":null,"data":"2026-02-12","numero":16362,"categoria":"Portaria","situacao":"Em vigor","descricao":""},{"ementa":"Designa Pregoeiro e Equipe de Apoio para o Processo Licitat\u00f3rio n\u00ba 010\/2026, na modalidade Preg\u00e3o Eletr\u00f4nico n\u00ba 003\/2026.","dataAtualizacao":"2026-02-25 12:28:47","dataInicioVigencia":null,"dataFimVigencia":null,"data":"2026-02-12","numero":16361,"categoria":"Portaria","situacao":"Em vigor","descricao":""},{"ementa":"Designa Pregoeiro e Equipe de Apoio para o Processo Licitat\u00f3rio n\u00ba 012\/2026, na modalidade Preg\u00e3o Eletr\u00f4nico n\u00ba 005\/2026.","dataAtualizacao":"2026-02-25 12:28:18","dataInicioVigencia":null,"dataFimVigencia":null,"data":"2026-02-12","numero":16360,"categoria":"Portaria","situacao":"Em vigor","descricao":""},{"ementa":"Designa Pregoeiro e Equipe de Apoio para o Processo Licitat\u00f3rio n\u00ba 011\/2026, na modalidade Preg\u00e3o Eletr\u00f4nico n\u00ba 004\/2026.","dataAtualizacao":"2026-02-25 12:27:47","dataInicioVigencia":null,"dataFimVigencia":null,"data":"2026-02-12","numero":16359,"categoria":"Portaria","situacao":"Em vigor","descricao":""},{"ementa":"Estabelece novo hor\u00e1rio de trabalho para a servidora Dirlene Maria Ferreira.","dataAtualizacao":"2026-02-25 12:27:20","dataInicioVigencia":null,"dataFimVigencia":null,"data":"2026-02-12","numero":16358,"categoria":"Portaria","situacao":"Em vigor","descricao":""},{"ementa":"Estabelece novo hor\u00e1rio de trabalho para a servidora J\u00e9ssica Fernanda Nascimento Pasquim, Psic\u00f3loga.","dataAtualizacao":"2026-02-25 12:26:48","dataInicioVigencia":null,"dataFimVigencia":null,"data":"2026-02-12","numero":16357,"categoria":"Portaria","situacao":"Em vigor","descricao":""},{"ementa":"Disp\u00f5e sobre a contrata\u00e7\u00e3o tempor\u00e1ria de Victor Lucas Pereira Souza para o exerc\u00edcio do emprego de Professor de Educa\u00e7\u00e3o B\u00e1sica II. Geografia.","dataAtualizacao":"2026-02-25 12:26:10","dataInicioVigencia":null,"dataFimVigencia":null,"data":"2026-02-12","numero":16356,"categoria":"Portaria","situacao":"Em vigor","descricao":""},{"ementa":"Disp\u00f5e sobre a contrata\u00e7\u00e3o tempor\u00e1ria de Gabriele Ferreira Ramos para o exerc\u00edcio do emprego de Monitora de Creche, CEPEM e CEMEI.","dataAtualizacao":"2026-02-25 12:21:17","dataInicioVigencia":null,"dataFimVigencia":null,"data":"2026-02-12","numero":16355,"categoria":"Portaria","situacao":"Em vigor","descricao":""},{"ementa":"Disp\u00f5e sobre a contrata\u00e7\u00e3o tempor\u00e1ria de Raiane Alves Evangelista para o exerc\u00edcio do emprego de Merendeira.","dataAtualizacao":"2026-02-25 12:22:23","dataInicioVigencia":null,"dataFimVigencia":null,"data":"2026-02-12","numero":16354,"categoria":"Portaria","situacao":"Em vigor","descricao":""},{"ementa":"Disp\u00f5e sobre a contrata\u00e7\u00e3o tempor\u00e1ria de Jessica Aparecida Pagam para o exerc\u00edcio do emprego de Monitora de Creche, CEPEM e CEMEI.","dataAtualizacao":"2026-02-25 12:20:36","dataInicioVigencia":null,"dataFimVigencia":null,"data":"2026-02-12","numero":16353,"categoria":"Portaria","situacao":"Em vigor","descricao":""},{"ementa":"Disp\u00f5e sobre a contrata\u00e7\u00e3o tempor\u00e1ria de Fernanda Barbosa Sardinha para o exerc\u00edcio do emprego de Professora de Educa\u00e7\u00e3o B\u00e1sica II. Matem\u00e1tica","dataAtualizacao":"2026-02-25 12:20:01","dataInicioVigencia":null,"dataFimVigencia":null,"data":"2026-02-12","numero":16352,"categoria":"Portaria","situacao":"Em vigor","descricao":""},{"ementa":"Disp\u00f5e sobre a contrata\u00e7\u00e3o tempor\u00e1ria de Alex Melo de Oliveira para o exerc\u00edcio do emprego de Professor de Educa\u00e7\u00e3o B\u00e1sica II - Geografia.","dataAtualizacao":"2026-02-25 12:19:12","dataInicioVigencia":null,"dataFimVigencia":null,"data":"2026-02-12","numero":16351,"categoria":"Portaria","situacao":"Em vigor","descricao":""},{"ementa":"Disp\u00f5e sobre a contrata\u00e7\u00e3o tempor\u00e1ria de \u00c9lida Cristina Bonato para o exerc\u00edcio do emprego de Professora de Educa\u00e7\u00e3o B\u00e1sica I.","dataAtualizacao":"2026-02-25 12:18:41","dataInicioVigencia":null,"dataFimVigencia":null,"data":"2026-02-12","numero":16350,"categoria":"Portaria","situacao":"Em vigor","descricao":""},{"ementa":"Disp\u00f5e sobre a contrata\u00e7\u00e3o tempor\u00e1ria de Daniela Cl\u00e1udia Sperandir Cardoso Guedini  para o exerc\u00edcio do emprego de Professora de Educa\u00e7\u00e3o B\u00e1sica II. Historia","dataAtualizacao":"2026-02-25 12:17:58","dataInicioVigencia":null,"dataFimVigencia":null,"data":"2026-02-12","numero":16349,"categoria":"Portaria","situacao":"Em vigor","descricao":""},{"ementa":"Disp\u00f5e sobre a contrata\u00e7\u00e3o tempor\u00e1ria de Marlon St\u00e1bile Romanato para o exerc\u00edcio do emprego de Professor de Educa\u00e7\u00e3o B\u00e1sica II - Geografia.","dataAtualizacao":"2026-02-25 12:16:45","dataInicioVigencia":null,"dataFimVigencia":null,"data":"2026-02-12","numero":16348,"categoria":"Portaria","situacao":"Em vigor","descricao":""},{"ementa":"Designa Agente de Contrata\u00e7\u00e3o e Equipe de Apoio para o Processo Licitat\u00f3rio n\u00ba 006\/2026, na modalidade Concorr\u00eancia Eletr\u00f4nica n\u00ba 001\/2026.","dataAtualizacao":"2026-02-25 12:16:14","dataInicioVigencia":null,"dataFimVigencia":null,"data":"2026-02-12","numero":16347,"categoria":"Portaria","situacao":"Em vigor","descricao":""},{"ementa":"Estabelece novo hor\u00e1rio de trabalho para a servidora Ma\u00edra C\u00e1ssia Santos Godinho, Psicopedagoga.","dataAtualizacao":"2026-02-25 12:12:08","dataInicioVigencia":null,"dataFimVigencia":null,"data":"2026-02-12","numero":16346,"categoria":"Portaria","situacao":"Em vigor","descricao":""},{"ementa":"Disp\u00f5e sobre a contrata\u00e7\u00e3o tempor\u00e1ria de Adriana Alves de Barros para o exerc\u00edcio do emprego de Professora de Educa\u00e7\u00e3o B\u00e1sica II - Artes.","dataAtualizacao":"2026-02-25 12:11:26","dataInicioVigencia":null,"dataFimVigencia":null,"data":"2026-02-10","numero":16345,"categoria":"Portaria","situacao":"Em vigor","descricao":""},{"ementa":"Disp\u00f5e sobre a contrata\u00e7\u00e3o tempor\u00e1ria de Maria Sirlei Domingues Barbosa para o exerc\u00edcio do emprego de Professora de Educa\u00e7\u00e3o B\u00e1sica II - Matem\u00e1tica.","dataAtualizacao":"2026-02-25 12:10:50","dataInicioVigencia":null,"dataFimVigencia":null,"data":"2026-02-10","numero":16344,"categoria":"Portaria","situacao":"Em vigor","descricao":""},{"ementa":"Estabelece novo hor\u00e1rio de trabalho para a servidora Daniela Carlos, Psicopedagoga.","dataAtualizacao":"2026-02-25 12:08:31","dataInicioVigencia":null,"dataFimVigencia":null,"data":"2026-02-09","numero":16343,"categoria":"Portaria","situacao":"Em vigor","descricao":""},{"ementa":"Designa o servidor Ivaldo Rodrigues da Silva para substituir Elenilson Ferreira, durante as suas f\u00e9rias.","dataAtualizacao":"2026-02-25 12:08:01","dataInicioVigencia":null,"dataFimVigencia":null,"data":"2026-02-09","numero":16342,"categoria":"Portaria","situacao":"Em vigor","descricao":""},{"ementa":"\u201cDisp\u00f5e sobre a exonera\u00e7\u00e3o da gestora designada no \u00e2mbito da Requisi\u00e7\u00e3o Administrativa da Irmandade da Santa Casa de Miseric\u00f3rdia de Ipu\u00e3 e d\u00e1 outras provid\u00eancias.\u201d.","dataAtualizacao":"2026-02-25 12:06:15","dataInicioVigencia":null,"dataFimVigencia":null,"data":"2026-02-09","numero":16341,"categoria":"Portaria","situacao":"Em vigor","descricao":""},{"ementa":"Designa Gestora para o Termo de Fomento n\u00ba 07\/2025 e d\u00e1 outras provid\u00eancias.","dataAtualizacao":"2026-02-25 12:05:33","dataInicioVigencia":null,"dataFimVigencia":null,"data":"2026-02-09","numero":16340,"categoria":"Portaria","situacao":"Em vigor","descricao":""},{"ementa":"Designa Gestor e Fiscal do Contrato n\u00ba 002\/2026, referente ao Processo Licitat\u00f3rio n\u00ba 113\/2025, na modalidade Preg\u00e3o Eletr\u00f4nico n\u00ba 060\/2025.","dataAtualizacao":"2026-02-25 12:02:29","dataInicioVigencia":null,"dataFimVigencia":null,"data":"2026-02-06","numero":16339,"categoria":"Portaria","situacao":"Em vigor","descricao":""},{"ementa":"Disp\u00f5e sobre a contrata\u00e7\u00e3o tempor\u00e1ria de Elis\u00e2ngela Ramos para o exerc\u00edcio do emprego de Professora de Educa\u00e7\u00e3o Infantil.","dataAtualizacao":"2026-02-25 12:01:48","dataInicioVigencia":null,"dataFimVigencia":null,"data":"2026-02-06","numero":16338,"categoria":"Portaria","situacao":"Em vigor","descricao":""},{"ementa":"Disp\u00f5e sobre a contrata\u00e7\u00e3o tempor\u00e1ria de Nibia Regina Pina dos Santos Tavares para o exerc\u00edcio do emprego de Professora de Educa\u00e7\u00e3o B\u00e1sica I.","dataAtualizacao":"2026-02-25 12:01:09","dataInicioVigencia":null,"dataFimVigencia":null,"data":"2026-02-06","numero":16337,"categoria":"Portaria","situacao":"Em vigor","descricao":""},{"ementa":"Disp\u00f5e sobre a contrata\u00e7\u00e3o tempor\u00e1ria de Monique Crestani Azevedo para o exerc\u00edcio do emprego de Professora de Educa\u00e7\u00e3o B\u00e1sica.","dataAtualizacao":"2026-02-25 12:00:35","dataInicioVigencia":null,"dataFimVigencia":null,"data":"2026-02-06","numero":16336,"categoria":"Portaria","situacao":"Em vigor","descricao":""},{"ementa":"Disp\u00f5e sobre a contrata\u00e7\u00e3o tempor\u00e1ria de Cristiane Mota de Sousa Silva para o exerc\u00edcio do emprego de Professora de Educa\u00e7\u00e3o B\u00e1sica I.","dataAtualizacao":"2026-02-25 11:59:56","dataInicioVigencia":null,"dataFimVigencia":null,"data":"2026-02-06","numero":16335,"categoria":"Portaria","situacao":"Em vigor","descricao":""},{"ementa":"Disp\u00f5e sobre a contrata\u00e7\u00e3o tempor\u00e1ria de Let\u00edcia Mayra Fressatti para o exerc\u00edcio do emprego de Professora de Educa\u00e7\u00e3o B\u00e1sica I.","dataAtualizacao":"2026-02-25 11:59:02","dataInicioVigencia":null,"dataFimVigencia":null,"data":"2026-02-06","numero":16334,"categoria":"Portaria","situacao":"Em vigor","descricao":""},{"ementa":"Disp\u00f5e sobre a contrata\u00e7\u00e3o tempor\u00e1ria de Janes Meire Gerim Marinho para o exerc\u00edcio do emprego de Professora de Educa\u00e7\u00e3o B\u00e1sica.","dataAtualizacao":"2026-02-25 11:59:14","dataInicioVigencia":null,"dataFimVigencia":null,"data":"2026-02-06","numero":16333,"categoria":"Portaria","situacao":"Em vigor","descricao":""},{"ementa":"\u201cDisp\u00f5e sobre a exonera\u00e7\u00e3o da servidora Francieli Magalh\u00e3es de Oliveira e d\u00e1 outras provid\u00eancias\u201d.","dataAtualizacao":"2026-02-25 11:54:58","dataInicioVigencia":null,"dataFimVigencia":null,"data":"2026-02-05","numero":16332,"categoria":"Portaria","situacao":"Em vigor","descricao":""},{"ementa":"Disp\u00f5e sobre a contrata\u00e7\u00e3o tempor\u00e1ria de Tamiris Benedito de Melo para o exerc\u00edcio do emprego de Professora de Educa\u00e7\u00e3o Infantil.","dataAtualizacao":"2026-02-25 11:53:31","dataInicioVigencia":null,"dataFimVigencia":null,"data":"2026-02-04","numero":16331,"categoria":"Portaria","situacao":"Em vigor","descricao":""},{"ementa":"Disp\u00f5e sobre a contrata\u00e7\u00e3o tempor\u00e1ria de Janete Domiciano Marcolino para o exerc\u00edcio do emprego de Professora de Educa\u00e7\u00e3o Infantil.","dataAtualizacao":"2026-02-25 11:52:54","dataInicioVigencia":null,"dataFimVigencia":null,"data":"2026-02-04","numero":16330,"categoria":"Portaria","situacao":"Em vigor","descricao":""},{"ementa":"Disp\u00f5e sobre a contrata\u00e7\u00e3o tempor\u00e1ria de Rosa An\u00e1lia Gastardi Castro para o exerc\u00edcio do emprego de Professora de Educa\u00e7\u00e3o Infantil.","dataAtualizacao":"2026-02-25 11:52:09","dataInicioVigencia":null,"dataFimVigencia":null,"data":"2026-02-04","numero":16329,"categoria":"Portaria","situacao":"Em vigor","descricao":""},{"ementa":"Estabelece novo local e hor\u00e1rio de trabalho para o servidor Leandro Santos Silva, T\u00e9cnico de Inform\u00e1tica.","dataAtualizacao":"2026-02-04 14:54:07","dataInicioVigencia":null,"dataFimVigencia":null,"data":"2026-02-04","numero":16328,"categoria":"Portaria","situacao":"Em vigor","descricao":""},{"ementa":"Estabelece novo hor\u00e1rio de trabalho para a servidora Adriana Aparecida Porteiro do Nascimento Sampaio, Ajudante de Manuten\u00e7\u00e3o.","dataAtualizacao":"2026-02-04 14:53:40","dataInicioVigencia":null,"dataFimVigencia":null,"data":"2026-02-04","numero":16327,"categoria":"Portaria","situacao":"Em vigor","descricao":""},{"ementa":"Designa Gestora das Atas de Registro de Pre\u00e7o 001\/2026 e 002\/2026, referente ao Processo Licitat\u00f3rio n\u00ba 103\/2025, Preg\u00e3o Eletr\u00f4nico n\u00ba 055\/2025.","dataAtualizacao":"2026-02-04 14:53:03","dataInicioVigencia":null,"dataFimVigencia":null,"data":"2026-02-04","numero":16326,"categoria":"Portaria","situacao":"Em vigor","descricao":""},{"ementa":"Estabelece novo hor\u00e1rio de trabalho para a servidora Ana Carolina Cobianchi C\u00e2ndido, Ajudante de Manuten\u00e7\u00e3o.","dataAtualizacao":"2026-02-04 14:52:38","dataInicioVigencia":null,"dataFimVigencia":null,"data":"2026-02-04","numero":16325,"categoria":"Portaria","situacao":"Em vigor","descricao":""},{"ementa":"Estabelece novo hor\u00e1rio de trabalho para o servidor Agnaldo Alves Junior, Ajudante de Manuten\u00e7\u00e3o.","dataAtualizacao":"2026-02-04 14:51:48","dataInicioVigencia":null,"dataFimVigencia":null,"data":"2026-02-04","numero":16324,"categoria":"Portaria","situacao":"Em vigor","descricao":""},{"ementa":"Estabelece novo hor\u00e1rio de trabalho para o servidor Leonardo Monteiro Bigineli, Ajudante de Manuten\u00e7\u00e3o.","dataAtualizacao":"2026-02-04 14:51:22","dataInicioVigencia":null,"dataFimVigencia":null,"data":"2026-02-04","numero":16323,"categoria":"Portaria","situacao":"Em vigor","descricao":""},{"ementa":"Estabelece novo hor\u00e1rio de trabalho para a servidora Rosa Maria Hor\u00e1cio, Ajudante de Manuten\u00e7\u00e3o.","dataAtualizacao":"2026-02-04 14:50:43","dataInicioVigencia":null,"dataFimVigencia":null,"data":"2026-02-04","numero":16322,"categoria":"Portaria","situacao":"Em vigor","descricao":""},{"ementa":"Estabelece novo hor\u00e1rio de trabalho para o servidor Jo\u00e3o Batista Louren\u00e7o, Ajudante de Manuten\u00e7\u00e3o.","dataAtualizacao":"2026-02-04 14:50:17","dataInicioVigencia":null,"dataFimVigencia":null,"data":"2026-02-04","numero":16321,"categoria":"Portaria","situacao":"Em vigor","descricao":""},{"ementa":"Estabelece novo hor\u00e1rio de trabalho para o servidor Cl\u00e9ber Luiz Moris, Ajudante de Manuten\u00e7\u00e3o.","dataAtualizacao":"2026-02-04 14:49:55","dataInicioVigencia":null,"dataFimVigencia":null,"data":"2026-02-04","numero":16320,"categoria":"Portaria","situacao":"Em vigor","descricao":""},{"ementa":"Estabelece novo hor\u00e1rio de trabalho para a servidora Marciana Ribeiro dos Santos, Ajudante de Manuten\u00e7\u00e3o.","dataAtualizacao":"2026-02-04 14:42:09","dataInicioVigencia":null,"dataFimVigencia":null,"data":"2026-02-03","numero":16319,"categoria":"Portaria","situacao":"Em vigor","descricao":""},{"ementa":"Estabelece novo hor\u00e1rio de trabalho para a servidora Luciana Cardoso de Souza Martineli, Ajudante de Manuten\u00e7\u00e3o.","dataAtualizacao":"2026-02-04 14:41:24","dataInicioVigencia":null,"dataFimVigencia":null,"data":"2026-02-03","numero":16318,"categoria":"Portaria","situacao":"Em vigor","descricao":""},{"ementa":"Disp\u00f5e sobre a composi\u00e7\u00e3o da Diretoria do Conselho Municipal dos Direitos da Crian\u00e7a e do Adolescente.","dataAtualizacao":"2026-02-04 14:40:30","dataInicioVigencia":null,"dataFimVigencia":null,"data":"2026-02-03","numero":16317,"categoria":"Portaria","situacao":"Em vigor","descricao":""},{"ementa":"Estabelece novo hor\u00e1rio de trabalho para a servidora Eliana Cristina Fernandes Pereira, Ajudante de Manuten\u00e7\u00e3o.","dataAtualizacao":"2026-02-04 14:39:53","dataInicioVigencia":null,"dataFimVigencia":null,"data":"2026-02-03","numero":16316,"categoria":"Portaria","situacao":"Em vigor","descricao":""},{"ementa":"Disp\u00f5e sobre abertura de cr\u00e9dito suplementar no valor de R$ 4.200,00 (quatro mil e duzentos reais) e d\u00e1 outras provid\u00eancias.","dataAtualizacao":"2026-02-26 12:16:53","dataInicioVigencia":null,"dataFimVigencia":null,"data":"2026-02-03","numero":5170,"categoria":"Lei Ordin\u00e1ria","situacao":"Em vigor","descricao":""},{"ementa":"Altera a reda\u00e7\u00e3o do par\u00e1grafo 4.\u00ba, do artigo 7\u00ba, da Lei Municipal n\u00ba 3.577, de 05 de agosto de 2014 e d\u00e1 outras provid\u00eancias.","dataAtualizacao":"2026-02-26 12:16:24","dataInicioVigencia":null,"dataFimVigencia":null,"data":"2026-02-03","numero":5169,"categoria":"Lei Ordin\u00e1ria","situacao":"Em vigor","descricao":""},{"ementa":"Altera a reda\u00e7\u00e3o do artigo 40 da Lei Municipal n\u00ba 3.709, de 10 de novembro de 2015 e d\u00e1 outras provid\u00eancias.","dataAtualizacao":"2026-02-26 12:15:57","dataInicioVigencia":null,"dataFimVigencia":null,"data":"2026-02-03","numero":5168,"categoria":"Lei Ordin\u00e1ria","situacao":"Em vigor","descricao":""},{"ementa":"Altera a reda\u00e7\u00e3o do Artigo 2\u00ba, da Lei Municipal n\u00ba 3.421, de 20 de junho de 2013 e d\u00e1 outras provid\u00eancias.","dataAtualizacao":"2026-02-26 12:15:28","dataInicioVigencia":null,"dataFimVigencia":null,"data":"2026-02-03","numero":5167,"categoria":"Lei Ordin\u00e1ria","situacao":"Em vigor","descricao":""},{"ementa":"Altera a reda\u00e7\u00e3o do Artigo 2\u00ba, da Lei Municipal n\u00ba 3.420, de 20 de junho de 2013 e d\u00e1 outras provid\u00eancias.","dataAtualizacao":"2026-02-26 12:14:51","dataInicioVigencia":null,"dataFimVigencia":null,"data":"2026-02-03","numero":5166,"categoria":"Lei Ordin\u00e1ria","situacao":"Em vigor","descricao":""},{"ementa":"Concede reajuste salarial aos servidores do Quadro de Pessoal da C\u00e2mara Municipal de Ipu\u00e3, a ser pago a t\u00edtulo de realinhamento da pol\u00edtica remunerat\u00f3ria do Munic\u00edpio \u00e0s disposi\u00e7\u00f5es constitucionais e legais existentes e d\u00e1 outras provid\u00eancias.","dataAtualizacao":"2026-02-26 12:14:25","dataInicioVigencia":null,"dataFimVigencia":null,"data":"2026-02-03","numero":5165,"categoria":"Lei Ordin\u00e1ria","situacao":"Em vigor","descricao":""},{"ementa":"\u201cDisp\u00f5e sobre a cria\u00e7\u00e3o de emprego p\u00fablico que especifica e d\u00e1 outras provid\u00eancias.\u201d","dataAtualizacao":"2026-02-26 12:13:57","dataInicioVigencia":null,"dataFimVigencia":null,"data":"2026-02-03","numero":5164,"categoria":"Lei Ordin\u00e1ria","situacao":"Em vigor","descricao":""},{"ementa":"Disp\u00f5e sobre abertura de cr\u00e9dito suplementar no valor de R$ 993.000,00 e d\u00e1 outras provid\u00eancias.","dataAtualizacao":"2026-02-26 12:13:14","dataInicioVigencia":null,"dataFimVigencia":null,"data":"2026-02-03","numero":5163,"categoria":"Lei Ordin\u00e1ria","situacao":"Em vigor","descricao":""},{"ementa":"\u201cConcede reajuste salarial aos servidores do Quadro de Pessoal da Prefeitura Municipal de Ipu\u00e3 e do Servi\u00e7o Aut\u00f4nomo de \u00c1gua e Esgoto de Ipu\u00e3, a ser pago a t\u00edtulo de realinhamento da pol\u00edtica remunerat\u00f3ria do Munic\u00edpio \u00e0s disposi\u00e7\u00f5es constitucionais e legais existentes e d\u00e1 outras provid\u00eancias\u201d.","dataAtualizacao":"2026-02-26 12:12:37","dataInicioVigencia":null,"dataFimVigencia":null,"data":"2026-02-03","numero":5162,"categoria":"Lei Ordin\u00e1ria","situacao":"Em vigor","descricao":""},{"ementa":"Disp\u00f5e sobre a retomada da contagem de tempo de servi\u00e7o para fins de adicionais e licen\u00e7as, suspensa pela Lei Complementar Federal n\u00ba 173\/2020, autoriza a averba\u00e7\u00e3o retroativa e define os contornos da compensa\u00e7\u00e3o pecuni\u00e1ria retroativa.","dataAtualizacao":"2026-02-26 12:12:10","dataInicioVigencia":null,"dataFimVigencia":null,"data":"2026-02-03","numero":5161,"categoria":"Lei Ordin\u00e1ria","situacao":"Em vigor","descricao":""},{"ementa":"Disp\u00f5e sobre abertura de cr\u00e9dito adicional especial no valor de R$ 2.943.000,00, inclui Programa no PPA e LDO e d\u00e1 outras provid\u00eancias.","dataAtualizacao":"2026-02-26 12:11:40","dataInicioVigencia":null,"dataFimVigencia":null,"data":"2026-02-03","numero":5160,"categoria":"Lei Ordin\u00e1ria","situacao":"Em vigor","descricao":""},{"ementa":"Disp\u00f5e sobre abertura de cr\u00e9dito suplementar no valor de R$ 707.000,00 e d\u00e1 outras provid\u00eancias.","dataAtualizacao":"2026-02-26 12:10:52","dataInicioVigencia":null,"dataFimVigencia":null,"data":"2026-02-03","numero":5159,"categoria":"Lei Ordin\u00e1ria","situacao":"Em vigor","descricao":""},{"ementa":"Inclui A\u00e7\u00e3o na LDO e abre cr\u00e9dito adicional especial no valor Total de R$ 720.000,00 e d\u00e1 outras provid\u00eancias.","dataAtualizacao":"2026-02-26 12:10:26","dataInicioVigencia":null,"dataFimVigencia":null,"data":"2026-02-03","numero":5158,"categoria":"Lei Ordin\u00e1ria","situacao":"Em vigor","descricao":""},{"ementa":"Inclui A\u00e7\u00e3o na LDO e abre cr\u00e9dito adicionais especiais no valor Total de R$ 224.000,00 e d\u00e1 outras provid\u00eancias.","dataAtualizacao":"2026-02-26 12:09:49","dataInicioVigencia":null,"dataFimVigencia":null,"data":"2026-02-03","numero":5157,"categoria":"Lei Ordin\u00e1ria","situacao":"Em vigor","descricao":""},{"ementa":"Inclui A\u00e7\u00e3o na LDO e abre cr\u00e9dito adicional especial no valor Total de R$ 186.000,00 e d\u00e1 outras provid\u00eancias.","dataAtualizacao":"2026-02-26 12:08:25","dataInicioVigencia":null,"dataFimVigencia":null,"data":"2026-02-03","numero":5156,"categoria":"Lei Ordin\u00e1ria","situacao":null,"descricao":""},{"ementa":"\u201cDisp\u00f5e sobre a cria\u00e7\u00e3o de emprego p\u00fablico que especifica e d\u00e1 outras provid\u00eancias.\u201d","dataAtualizacao":"2026-02-26 12:07:47","dataInicioVigencia":null,"dataFimVigencia":null,"data":"2026-02-03","numero":5155,"categoria":"Lei Ordin\u00e1ria","situacao":"Em vigor","descricao":""},{"ementa":"Disp\u00f5e sobre a consolida\u00e7\u00e3o das atribui\u00e7\u00f5es de Empregos P\u00fablicos do quadro permanente de pessoal da Administra\u00e7\u00e3o P\u00fablica Direta do Munic\u00edpio de Ipu\u00e3\/SP e d\u00e1 outras provid\u00eancias.","dataAtualizacao":"2026-02-26 12:06:55","dataInicioVigencia":null,"dataFimVigencia":null,"data":"2026-02-03","numero":5154,"categoria":"Lei Ordin\u00e1ria","situacao":"Em vigor","descricao":""},{"ementa":"\u201cAltera a reda\u00e7\u00e3o do Artigo 2\u00ba, da Lei Municipal n\u00ba 3.245, de 02 de janeiro de 2.012 e d\u00e1 outras provid\u00eancias\u201d.","dataAtualizacao":"2026-02-26 12:06:22","dataInicioVigencia":null,"dataFimVigencia":null,"data":"2026-02-03","numero":5153,"categoria":"Lei Ordin\u00e1ria","situacao":"Em vigor","descricao":""},{"ementa":"\u201cAltera a reda\u00e7\u00e3o do artigo 1\u00ba da Lei Ordin\u00e1ria n\u00ba 5.091, de 2025, do Munic\u00edpio de Ipu\u00e3\/SP, e d\u00e1 outras provid\u00eancias\u201d.","dataAtualizacao":"2026-02-26 12:05:51","dataInicioVigencia":null,"dataFimVigencia":null,"data":"2026-02-03","numero":5152,"categoria":"Lei Ordin\u00e1ria","situacao":"Em vigor","descricao":""},{"ementa":"Institui o Programa Municipal de Valoriza\u00e7\u00e3o do M\u00e9rito Educacional para alunos das redes p\u00fablicas de ensino no Munic\u00edpio de Ipu\u00e3 e d\u00e1 outras provid\u00eancias.","dataAtualizacao":"2026-02-26 12:05:09","dataInicioVigencia":null,"dataFimVigencia":null,"data":"2026-02-03","numero":5151,"categoria":"Lei Ordin\u00e1ria","situacao":"Em vigor","descricao":""},{"ementa":"\u201cAltera o \u00a7 1\u00ba do Artigo 1\u00ba da Lei n\u00ba 3.970, de 01 de mar\u00e7o de 2018.\u201d","dataAtualizacao":"2026-02-26 12:04:30","dataInicioVigencia":null,"dataFimVigencia":null,"data":"2026-02-03","numero":5150,"categoria":"Lei Ordin\u00e1ria","situacao":"Em vigor","descricao":""},{"ementa":"\u201cDisp\u00f5e sobre a cria\u00e7\u00e3o de 01 (um) emprego de Oficial Administrativo para autarquia municipal SAAEI \u2013 Servi\u00e7o Aut\u00f4nomo de \u00c1gua e Esgoto de Ipu\u00e3 e d\u00e1 outras provid\u00eancias.\u201d","dataAtualizacao":"2026-02-26 12:03:51","dataInicioVigencia":null,"dataFimVigencia":null,"data":"2026-02-03","numero":5149,"categoria":"Lei Ordin\u00e1ria","situacao":"Em vigor","descricao":""},{"ementa":"\u201cCria a fun\u00e7\u00e3o gratificada de Encarregado de Manuten\u00e7\u00e3o e Limpeza de Piscinas e d\u00e1 outras provid\u00eancias\u201d.","dataAtualizacao":"2026-02-26 12:02:55","dataInicioVigencia":null,"dataFimVigencia":null,"data":"2026-02-03","numero":5148,"categoria":"Lei Ordin\u00e1ria","situacao":"Em vigor","descricao":""},{"ementa":"&quot;Disp\u00f5e sobre a autoriza\u00e7\u00e3o para pagamento de remunera\u00e7\u00e3o eventual para servidor municipal nomeado como membro em Comiss\u00f5es Espec\u00edficas e d\u00e1 outras provid\u00eancias.\u201d","dataAtualizacao":"2026-02-26 12:02:24","dataInicioVigencia":null,"dataFimVigencia":null,"data":"2026-02-03","numero":5147,"categoria":"Lei Ordin\u00e1ria","situacao":"Em vigor","descricao":""},{"ementa":"Abre no or\u00e7amento vigente cr\u00e9dito adicional suplementar no valor de R$ 159.000,00 e da outras provid\u00eancias.","dataAtualizacao":"2026-02-26 12:35:45","dataInicioVigencia":null,"dataFimVigencia":null,"data":"2026-02-03","numero":4956,"categoria":"Decreto","situacao":"Em vigor","descricao":""},{"ementa":"Regulamenta Lei 5.170\/2026, que disp\u00f5e sobre abertura de cr\u00e9dito suplementar no valor de R$","dataAtualizacao":"2026-02-26 12:30:54","dataInicioVigencia":null,"dataFimVigencia":null,"data":"2026-02-03","numero":4955,"categoria":"Decreto","situacao":"Em vigor","descricao":""},{"ementa":"Regulamenta Lei 5.163\/2026, que disp\u00f5e sobre abertura de cr\u00e9dito suplementar no valor de R$ 993.000,00 e d\u00e1 outras provid\u00eancias.","dataAtualizacao":"2026-02-26 12:30:22","dataInicioVigencia":null,"dataFimVigencia":null,"data":"2026-02-03","numero":4954,"categoria":"Decreto","situacao":"Em vigor","descricao":""},{"ementa":"Regulamenta Lei 5.160\/2026, que disp\u00f5e sobre abertura de cr\u00e9dito adicional especial no valor de R$ 2.943.000,00, inclui Programa no PPA e LDO e d\u00e1 outras provid\u00eancias.","dataAtualizacao":"2026-02-26 12:29:51","dataInicioVigencia":null,"dataFimVigencia":null,"data":"2026-02-03","numero":4953,"categoria":"Decreto","situacao":"Em vigor","descricao":""},{"ementa":"Regulamenta Lei 5.159\/2026, que disp\u00f5e sobre abertura de cr\u00e9dito suplementar no valor de R$ 707.000,00 e d\u00e1 outras provid\u00eancias.","dataAtualizacao":"2026-02-26 12:29:17","dataInicioVigencia":null,"dataFimVigencia":null,"data":"2026-02-03","numero":4952,"categoria":"Decreto","situacao":"Em vigor","descricao":""},{"ementa":"Regulamenta Lei 5.158\/2026, que inclui a\u00e7\u00e3o na LDO e abre cr\u00e9dito adicional especial no valor Total de R$ 720.000,00 e d\u00e1 outras provid\u00eancias.","dataAtualizacao":"2026-02-26 12:28:49","dataInicioVigencia":null,"dataFimVigencia":null,"data":"2026-02-03","numero":4951,"categoria":"Decreto","situacao":"Em vigor","descricao":""},{"ementa":"Regulamenta Lei 5.157\/2026, que inclui a\u00e7\u00e3o na LDO e abre cr\u00e9dito adicionais especiais no valor Total de R$ 224.000,00 e d\u00e1 outras provid\u00eancias.","dataAtualizacao":"2026-02-26 12:28:14","dataInicioVigencia":null,"dataFimVigencia":null,"data":"2026-02-03","numero":4950,"categoria":"Decreto","situacao":"Em vigor","descricao":""},{"ementa":"Regulamenta Lei 5.156\/2026, que inclui A\u00e7\u00e3o na LDO e abre cr\u00e9dito adicional especial no valor Total de R$ 186.000,00 e d\u00e1 outras provid\u00eancias.","dataAtualizacao":"2026-02-26 12:27:43","dataInicioVigencia":null,"dataFimVigencia":null,"data":"2026-02-03","numero":4949,"categoria":"Decreto","situacao":"Em vigor","descricao":""},{"ementa":"Designa Gestora para o Termo de Colabora\u00e7\u00e3o n\u00ba 01\/2025 e d\u00e1 outras provid\u00eancias.","dataAtualizacao":"2026-02-03 09:02:50","dataInicioVigencia":null,"dataFimVigencia":null,"data":"2026-02-02","numero":16315,"categoria":"Portaria","situacao":"Em vigor","descricao":""},{"ementa":"Designa Gestora para o Termo de Colabora\u00e7\u00e3o n\u00ba 02\/2025 e d\u00e1 outras provid\u00eancias.","dataAtualizacao":"2026-02-03 09:02:04","dataInicioVigencia":null,"dataFimVigencia":null,"data":"2026-02-02","numero":16314,"categoria":"Portaria","situacao":"Em vigor","descricao":""},{"ementa":"Designa Gestora para o Conv\u00eanio n\u00ba 01\/2025 e d\u00e1 outras provid\u00eancias.","dataAtualizacao":"2026-02-03 09:01:14","dataInicioVigencia":null,"dataFimVigencia":null,"data":"2026-02-02","numero":16313,"categoria":"Portaria","situacao":"Em vigor","descricao":""},{"ementa":"Nomeia Comiss\u00e3o de Contrata\u00e7\u00e3o para o Processo Administrativo n\u00ba 04\/2026, Inexigibilidade de Licita\u00e7\u00e3o 01\/2026, Credenciamento 01\/2026.","dataAtualizacao":"2026-02-03 09:00:19","dataInicioVigencia":null,"dataFimVigencia":null,"data":"2026-02-02","numero":16312,"categoria":"Portaria","situacao":"Em vigor","descricao":""},{"ementa":"Disp\u00f5e sobre a contrata\u00e7\u00e3o tempor\u00e1ria de Amanda Barbosa Scorsato para o exerc\u00edcio do emprego de Merendeira.","dataAtualizacao":"2026-02-03 08:59:42","dataInicioVigencia":null,"dataFimVigencia":null,"data":"2026-02-02","numero":16311,"categoria":"Portaria","situacao":"Em vigor","descricao":""},{"ementa":"Estabelece novo  hor\u00e1rio de trabalho para a servidora Fabiana Fernandes de Morais Novais, Ajudante de Manuten\u00e7\u00e3o.","dataAtualizacao":"2026-02-03 08:59:10","dataInicioVigencia":null,"dataFimVigencia":null,"data":"2026-02-02","numero":16310,"categoria":"Portaria","situacao":"Em vigor","descricao":""},{"ementa":"Convoca a servidora Sirzi Helena Cordeiro Coloca, Agente Escolar, para retornar \u00e0s suas atividades e d\u00e1 outras provid\u00eancias.","dataAtualizacao":"2026-02-03 08:58:38","dataInicioVigencia":null,"dataFimVigencia":null,"data":"2026-02-02","numero":16309,"categoria":"Portaria","situacao":"Em vigor","descricao":""},{"ementa":"Convoca a servidora Maira C\u00e1ssia Santos Godinho, Psicopedagoga, para retornar \u00e0s suas atividades e d\u00e1 outras provid\u00eancias.","dataAtualizacao":"2026-02-03 08:57:55","dataInicioVigencia":null,"dataFimVigencia":null,"data":"2026-02-02","numero":16308,"categoria":"Portaria","situacao":"Em vigor","descricao":""},{"ementa":"Convoca a servidora J\u00e9ssica Fernanda Nascimento Pasquim, Psic\u00f3loga, para retornar \u00e0s suas atividades e d\u00e1 outras provid\u00eancias.","dataAtualizacao":"2026-02-03 08:57:20","dataInicioVigencia":null,"dataFimVigencia":null,"data":"2026-02-02","numero":16307,"categoria":"Portaria","situacao":"Em vigor","descricao":""},{"ementa":"Prorroga a contrata\u00e7\u00e3o de Bruna dos Reis Geloni Machado para o exerc\u00edcio tempor\u00e1rio do emprego de Auxiliar Administrativo.","dataAtualizacao":"2026-02-03 08:55:13","dataInicioVigencia":null,"dataFimVigencia":null,"data":"2026-02-02","numero":16306,"categoria":"Portaria","situacao":"Em vigor","descricao":""},{"ementa":"Disp\u00f5e sobre reenquadramento de servidores municipais, em decorr\u00eancia de promo\u00e7\u00e3o por tempo de servi\u00e7o.","dataAtualizacao":"2026-02-03 08:54:36","dataInicioVigencia":null,"dataFimVigencia":null,"data":"2026-02-02","numero":16305,"categoria":"Portaria","situacao":"Em vigor","descricao":""},{"ementa":"\u201cDeclara de utilidade p\u00fablica, para fins de institui\u00e7\u00e3o de servid\u00e3o administrativa, \u00e1rea de terra destinada \u00e0 regulariza\u00e7\u00e3o da Estrada Municipal IPU020.\u201d","dataAtualizacao":"2026-02-04 14:58:32","dataInicioVigencia":null,"dataFimVigencia":null,"data":"2026-02-02","numero":4948,"categoria":"Decreto","situacao":"Em vigor","descricao":""},{"ementa":"Instaura processo administrativo de readapta\u00e7\u00e3o funcional n\u00ba 003\/2026 da servidora Tatiane Silva Sim\u00e3o.","dataAtualizacao":"2026-02-02 12:34:33","dataInicioVigencia":null,"dataFimVigencia":null,"data":"2026-01-30","numero":16304,"categoria":"Portaria","situacao":"Em vigor","descricao":""},{"ementa":"Designa Gestor e Fiscal do Contrato n\u00ba 01\/2026, referente ao Processo n\u00ba 111\/2025, na modalidade Concorr\u00eancia Eletr\u00f4nica n\u00ba 007\/2025.","dataAtualizacao":"2026-02-02 12:34:01","dataInicioVigencia":null,"dataFimVigencia":null,"data":"2026-01-30","numero":16303,"categoria":"Portaria","situacao":"Em vigor","descricao":""},{"ementa":"Estabelece novo local e hor\u00e1rio de trabalho para o servidor Fabr\u00edcio Borges da Silva, Auxiliar Administrativo.","dataAtualizacao":"2026-02-02 12:33:30","dataInicioVigencia":null,"dataFimVigencia":null,"data":"2026-01-30","numero":16302,"categoria":"Portaria","situacao":"Em vigor","descricao":""},{"ementa":"Estabelece novo hor\u00e1rio de trabalho para a servidora Mirian Pedroso Justino de Souza, Merendeira.","dataAtualizacao":"2026-02-02 12:32:56","dataInicioVigencia":null,"dataFimVigencia":null,"data":"2026-01-30","numero":16301,"categoria":"Portaria","situacao":"Em vigor","descricao":""},{"ementa":"&quot;Designa Adriana Carla Baso como Respons\u00e1vel T\u00e9cnica pela Unidade de Sa\u00fade Jos\u00e9 Buranelo Neto - UBS\/ESF de Ipu\u00e3\/SP.&quot;","dataAtualizacao":"2026-02-02 12:32:26","dataInicioVigencia":null,"dataFimVigencia":null,"data":"2026-01-30","numero":16300,"categoria":"Portaria","situacao":"Em vigor","descricao":""},{"ementa":"Estabelece novo hor\u00e1rio de trabalho para a servidora Leidiane de Almeida da Silva Guedini, Merendeira.","dataAtualizacao":"2026-02-02 12:31:54","dataInicioVigencia":null,"dataFimVigencia":null,"data":"2026-01-30","numero":16299,"categoria":"Portaria","situacao":"Em vigor","descricao":""},{"ementa":"Disp\u00f5e sobre a designa\u00e7\u00e3o, em car\u00e1ter excepcional e prec\u00e1rio, da servidora Vit\u00f3ria Hellen Borges Pasquim, para exercer o emprego de Agente de Apoio ao Estudante da Educa\u00e7\u00e3o Especial, e d\u00e1 outras provid\u00eancias.","dataAtualizacao":"2026-02-02 12:31:20","dataInicioVigencia":null,"dataFimVigencia":null,"data":"2026-01-30","numero":16298,"categoria":"Portaria","situacao":"Em vigor","descricao":""},{"ementa":"Disp\u00f5e sobre a designa\u00e7\u00e3o, em car\u00e1ter excepcional e prec\u00e1rio, da servidora Marisa Coloca, para o emprego de Agente de Apoio ao Estudante da Educa\u00e7\u00e3o Especial, e d\u00e1 outras provid\u00eancias.","dataAtualizacao":"2026-02-02 12:30:27","dataInicioVigencia":null,"dataFimVigencia":null,"data":"2026-01-30","numero":16297,"categoria":"Portaria","situacao":"Em vigor","descricao":""},{"ementa":"Disp\u00f5e sobre a aplica\u00e7\u00e3o de penalidade de advert\u00eancia \u00e0 servidora p\u00fablica municipal MARIA VILMA PONTES DA COSTA e d\u00e1 outras provid\u00eancias.","dataAtualizacao":"2026-02-02 12:29:49","dataInicioVigencia":null,"dataFimVigencia":null,"data":"2026-01-30","numero":16296,"categoria":"Portaria","situacao":"Em vigor","descricao":""},{"ementa":"Disp\u00f5e sobre a aplica\u00e7\u00e3o de penalidade de advert\u00eancia \u00e0 servidora p\u00fablica municipal FABIANA DA SILVA CAMPOS e d\u00e1 outras provid\u00eancias.","dataAtualizacao":"2026-02-02 12:27:40","dataInicioVigencia":null,"dataFimVigencia":null,"data":"2026-01-30","numero":16295,"categoria":"Portaria","situacao":"Em vigor","descricao":""},{"ementa":"Disp\u00f5e sobre a aplica\u00e7\u00e3o de penalidade de advert\u00eancia \u00e0 servidora p\u00fablica municipal MEIRILUCI DOMINGUES CLEMENTE e d\u00e1 outras provid\u00eancias.","dataAtualizacao":"2026-02-02 12:27:08","dataInicioVigencia":null,"dataFimVigencia":null,"data":"2026-01-30","numero":16294,"categoria":"Portaria","situacao":"Em vigor","descricao":""},{"ementa":"Disp\u00f5e sobre a aplica\u00e7\u00e3o de penalidade de advert\u00eancia \u00e0 servidora p\u00fablica municipal TATIANA PINA MACHADO e d\u00e1 outras provid\u00eancias.","dataAtualizacao":"2026-02-02 12:26:33","dataInicioVigencia":null,"dataFimVigencia":null,"data":"2026-01-30","numero":16293,"categoria":"Portaria","situacao":"Em vigor","descricao":""},{"ementa":"Estabelece novo hor\u00e1rio de trabalho para a servidora M\u00e1rcia Regina Felisberto Santiago, Coordenadora Pedag\u00f3gica.","dataAtualizacao":"2026-02-02 12:26:05","dataInicioVigencia":null,"dataFimVigencia":null,"data":"2026-01-30","numero":16292,"categoria":"Portaria","situacao":"Em vigor","descricao":""},{"ementa":"Estabelece novo hor\u00e1rio de trabalho para o servidor Vinicius Gabriel Silva Tavares, Ajudante de Manuten\u00e7\u00e3o.","dataAtualizacao":"2026-02-02 11:49:45","dataInicioVigencia":null,"dataFimVigencia":null,"data":"2026-01-29","numero":16291,"categoria":"Portaria","situacao":"Em vigor","descricao":""},{"ementa":"Disp\u00f5e sobre a cess\u00e3o da servidora p\u00fablica municipal Mirian Silva de Freitas e d\u00e1 outras provid\u00eancias.","dataAtualizacao":"2026-02-02 11:49:10","dataInicioVigencia":null,"dataFimVigencia":null,"data":"2026-01-29","numero":16290,"categoria":"Portaria","situacao":"Em vigor","descricao":""},{"ementa":"Disp\u00f5e sobre a cess\u00e3o da servidora p\u00fablica municipal Mirian Aparecida Girolamo dos Santos e d\u00e1 outras provid\u00eancias.","dataAtualizacao":"2026-02-02 11:48:37","dataInicioVigencia":null,"dataFimVigencia":null,"data":"2026-01-29","numero":16289,"categoria":"Portaria","situacao":"Em vigor","descricao":""},{"ementa":"Designa a servidora Elaine Fernandes Rodrigues para substituir Sebasti\u00e3o Aparecido da Cruz, Secret\u00e1rio Municipal de Or\u00e7amento e Finan\u00e7as, durante o per\u00edodo de f\u00e9rias.","dataAtualizacao":"2026-02-02 11:48:04","dataInicioVigencia":null,"dataFimVigencia":null,"data":"2026-01-29","numero":16288,"categoria":"Portaria","situacao":"Em vigor","descricao":""},{"ementa":"Estabelece novo hor\u00e1rio de trabalho para a servidora Mara Eunice Rodrigues Pereira, Ajudante de Manuten\u00e7\u00e3o.","dataAtualizacao":"2026-02-02 11:47:13","dataInicioVigencia":null,"dataFimVigencia":null,"data":"2026-01-29","numero":16286,"categoria":"Portaria","situacao":"Em vigor","descricao":""},{"ementa":"Estabelece novo hor\u00e1rio de trabalho para a servidora Vanessa Ferro Pereira da Silva, Ajudante de Manuten\u00e7\u00e3o.","dataAtualizacao":"2026-02-02 11:45:33","dataInicioVigencia":null,"dataFimVigencia":null,"data":"2026-01-28","numero":16285,"categoria":"Portaria","situacao":"Em vigor","descricao":""},{"ementa":"Altera a Portaria n\u00ba 16.235\/2026, para incluir novos membros na Comiss\u00e3o de Avalia\u00e7\u00e3o referente ao Edital n\u00ba 01, de 08 de janeiro de 2026 \u2013 SMS.","dataAtualizacao":"2026-02-02 11:44:53","dataInicioVigencia":null,"dataFimVigencia":null,"data":"2026-01-28","numero":16284,"categoria":"Portaria","situacao":"Em vigor","descricao":""},{"ementa":"Contrata Gabriel Aparecido Alves dos Santos para o emprego permanente de Ajudante de Manuten\u00e7\u00e3o.","dataAtualizacao":"2026-02-02 11:44:21","dataInicioVigencia":null,"dataFimVigencia":null,"data":"2026-01-28","numero":16283,"categoria":"Portaria","situacao":"Em vigor","descricao":""},{"ementa":"Disp\u00f5e sobre a oferta da Educa\u00e7\u00e3o Integral aos 6\u00ba anos do Ensino Fundamental da EMEB Professor Monir Neder e d\u00e1 outras provid\u00eancias.","dataAtualizacao":"2026-02-02 12:22:44","dataInicioVigencia":null,"dataFimVigencia":null,"data":"2026-01-28","numero":4947,"categoria":"Decreto","situacao":"Em vigor","descricao":""},{"ementa":"Estabelece novo local e hor\u00e1rio de trabalho para a servidora Karoline Cristina Nunes, Ajudante de Manuten\u00e7\u00e3o.","dataAtualizacao":"2026-02-02 11:41:52","dataInicioVigencia":null,"dataFimVigencia":null,"data":"2026-01-27","numero":16282,"categoria":"Portaria","situacao":"Em vigor","descricao":""},{"ementa":"Disp\u00f5e sobre a instaura\u00e7\u00e3o de procedimento de triagem, avalia\u00e7\u00e3o e descarte de documentos e m\u00eddias f\u00edsicas inserv\u00edveis no \u00e2mbito da Secretaria Municipal de Assist\u00eancia e Desenvolvimento Social, e d\u00e1 outras provid\u00eancias.","dataAtualizacao":"2026-02-02 11:41:24","dataInicioVigencia":null,"dataFimVigencia":null,"data":"2026-01-27","numero":16281,"categoria":"Portaria","situacao":"Em vigor","descricao":""},{"ementa":"Estabelece novo hor\u00e1rio de trabalho para a servidora Maria Ileide Alves de Lima, Ajudante de Manuten\u00e7\u00e3o.","dataAtualizacao":"2026-02-02 11:40:50","dataInicioVigencia":null,"dataFimVigencia":null,"data":"2026-01-27","numero":16280,"categoria":"Portaria","situacao":"Em vigor","descricao":""},{"ementa":"Estabelece novo local e hor\u00e1rio de trabalho para o servidor Cl\u00e9ber Luiz Moris, Ajudante de Manuten\u00e7\u00e3o.","dataAtualizacao":"2026-02-02 11:39:44","dataInicioVigencia":null,"dataFimVigencia":null,"data":"2026-01-26","numero":16279,"categoria":"Portaria","situacao":"Em vigor","descricao":""},{"ementa":"Estabelece novo hor\u00e1rio de trabalho para a servidora Silvana dos Anjos Monteiro, Ajudante de Manuten\u00e7\u00e3o.","dataAtualizacao":"2026-02-02 11:38:52","dataInicioVigencia":null,"dataFimVigencia":null,"data":"2026-01-26","numero":16278,"categoria":"Portaria","situacao":"Em vigor","descricao":""},{"ementa":"Estabelece novo hor\u00e1rio de trabalho para a servidora La\u00eds Fernanda de Oliveira Puga, Ajudante de Manuten\u00e7\u00e3o.","dataAtualizacao":"2026-02-02 11:38:25","dataInicioVigencia":null,"dataFimVigencia":null,"data":"2026-01-26","numero":16277,"categoria":"Portaria","situacao":"Em vigor","descricao":""},{"ementa":"Estabelece novo hor\u00e1rio de trabalho para a servidora Marina de Lourdes Felisberto, Ajudante de Manuten\u00e7\u00e3o.","dataAtualizacao":"2026-02-02 11:37:56","dataInicioVigencia":null,"dataFimVigencia":null,"data":"2026-01-26","numero":16276,"categoria":"Portaria","situacao":"Em vigor","descricao":""},{"ementa":"Renomeia os membros do Conselho Municipal do Turismo, nos termos da Lei n\u00ba 4.311, de 06 de abril de 2021.","dataAtualizacao":"2026-02-02 12:22:07","dataInicioVigencia":null,"dataFimVigencia":null,"data":"2026-01-26","numero":4946,"categoria":"Decreto","situacao":"Em vigor","descricao":""},{"ementa":"Estabelece novo local e hor\u00e1rio de trabalho para a servidora Maria Eduarda Silva Mendes, Agente Comunit\u00e1ria de Sa\u00fade.","dataAtualizacao":"2026-02-02 11:35:06","dataInicioVigencia":null,"dataFimVigencia":null,"data":"2026-01-23","numero":16275,"categoria":"Portaria","situacao":"Em vigor","descricao":""},{"ementa":"Estabelece novo local e hor\u00e1rio de trabalho para a servidora Karoline C\u00edntia Nunes, Ajudante de Manuten\u00e7\u00e3o.","dataAtualizacao":"2026-02-02 11:34:32","dataInicioVigencia":null,"dataFimVigencia":null,"data":"2026-01-23","numero":16274,"categoria":"Portaria","situacao":"Em vigor","descricao":""},{"ementa":"Estabelece novo local e hor\u00e1rio de trabalho para a servidora Cleude dos Reis Geloni, Ajudante de Manuten\u00e7\u00e3o.","dataAtualizacao":"2026-01-30 18:00:01","dataInicioVigencia":null,"dataFimVigencia":null,"data":"2026-01-23","numero":16273,"categoria":"Portaria","situacao":"Em vigor","descricao":""},{"ementa":"Estabelece novo hor\u00e1rio de trabalho para a servidora Regina Claudino da Silva Firmino, Ajudante de Manuten\u00e7\u00e3o.","dataAtualizacao":"2026-01-30 17:59:24","dataInicioVigencia":null,"dataFimVigencia":null,"data":"2026-01-23","numero":16272,"categoria":"Portaria","situacao":"Em vigor","descricao":""},{"ementa":"Estabelece novo hor\u00e1rio de trabalho para a servidora Margeliane Rita de Menezes, Coordenadora Pedag\u00f3gica.","dataAtualizacao":"2026-01-30 17:58:30","dataInicioVigencia":null,"dataFimVigencia":null,"data":"2026-01-23","numero":16271,"categoria":"Portaria","situacao":"Em vigor","descricao":""},{"ementa":"Estabelece novo hor\u00e1rio de trabalho para a servidora Tamiris Cristina Chicate da Costa, Ajudante de Manuten\u00e7\u00e3o.","dataAtualizacao":"2026-01-30 17:57:57","dataInicioVigencia":null,"dataFimVigencia":null,"data":"2026-01-23","numero":16270,"categoria":"Portaria","situacao":"Em vigor","descricao":""},{"ementa":"Estabelece novo local e hor\u00e1rio de trabalho para a servidora Luana Thais de Almeida C\u00e2ndido, Ajudante de Manuten\u00e7\u00e3o.","dataAtualizacao":"2026-01-30 17:57:23","dataInicioVigencia":null,"dataFimVigencia":null,"data":"2026-01-23","numero":16269,"categoria":"Portaria","situacao":"Em vigor","descricao":""},{"ementa":"Estabelece novo local e hor\u00e1rio de trabalho para a servidora Ros\u00e2ngela Maria Leopoldino Ramos, Ajudante de Manuten\u00e7\u00e3o.","dataAtualizacao":"2026-01-30 17:55:58","dataInicioVigencia":null,"dataFimVigencia":null,"data":"2026-01-23","numero":16268,"categoria":"Portaria","situacao":"Em vigor","descricao":""},{"ementa":"Instaura processo administrativo de readapta\u00e7\u00e3o funcional n\u00ba 002\/2026 da servidora Rog\u00e9ria Vieira.","dataAtualizacao":"2026-01-30 17:55:29","dataInicioVigencia":null,"dataFimVigencia":null,"data":"2026-01-23","numero":16267,"categoria":"Portaria","situacao":"Em vigor","descricao":""},{"ementa":"Estabelece novo hor\u00e1rio de trabalho para a servidora Danila Mara Teodolino Goncalves, Merendeira.","dataAtualizacao":"2026-01-30 17:53:16","dataInicioVigencia":null,"dataFimVigencia":null,"data":"2026-01-23","numero":16266,"categoria":"Portaria","situacao":"Em vigor","descricao":""},{"ementa":"\u201cInclui A\u00e7\u00e3o na LDO e abre cr\u00e9dito adicional especial no valor Total de R$ 400.000,00 e d\u00e1 outras provid\u00eancias.\u201d","dataAtualizacao":"2026-02-02 12:02:09","dataInicioVigencia":null,"dataFimVigencia":null,"data":"2026-01-23","numero":5146,"categoria":"Lei Ordin\u00e1ria","situacao":"Em vigor","descricao":""},{"ementa":"\u201cDisp\u00f5e sobre abertura de cr\u00e9dito suplementar no valor de R$ 18.000,00 e d\u00e1 outras provid\u00eancias.\u201d","dataAtualizacao":"2026-02-02 12:01:41","dataInicioVigencia":null,"dataFimVigencia":null,"data":"2026-01-23","numero":5145,"categoria":"Lei Ordin\u00e1ria","situacao":"Em vigor","descricao":""},{"ementa":"\u201cInclui a\u00e7\u00e3o na LDO e abre cr\u00e9dito adicional especial no valor total de R$ 1.461.000,00 e d\u00e1 outras provid\u00eancias.\u201d","dataAtualizacao":"2026-02-02 12:01:07","dataInicioVigencia":null,"dataFimVigencia":null,"data":"2026-01-23","numero":5144,"categoria":"Lei Ordin\u00e1ria","situacao":"Em vigor","descricao":""},{"ementa":"\u201cDisp\u00f5e sobre abertura de cr\u00e9dito suplementar no valor de R$ 1.120.000,00 e d\u00e1 outras provid\u00eancias.\u201d","dataAtualizacao":"2026-02-02 12:00:45","dataInicioVigencia":null,"dataFimVigencia":null,"data":"2026-01-23","numero":5143,"categoria":"Lei Ordin\u00e1ria","situacao":"Em vigor","descricao":""},{"ementa":"\u201cInclui Programa no PPA e na LDO e abre cr\u00e9dito adicional especial no valor Total de R$ 1.490.900,00 e d\u00e1 outras provid\u00eancias.\u201d","dataAtualizacao":"2026-02-02 11:59:46","dataInicioVigencia":null,"dataFimVigencia":null,"data":"2026-01-23","numero":5142,"categoria":"Lei Ordin\u00e1ria","situacao":"Em vigor","descricao":""},{"ementa":"\u201cDisp\u00f5e sobre abertura de cr\u00e9dito adicional especial no valor de R$ 1.564.000,00, inclui Programa no PPA e LDO e d\u00e1 outras provid\u00eancias.\u201d","dataAtualizacao":"2026-02-02 11:59:14","dataInicioVigencia":null,"dataFimVigencia":null,"data":"2026-01-23","numero":5141,"categoria":"Lei Ordin\u00e1ria","situacao":"Em vigor","descricao":""},{"ementa":"\u201cDisp\u00f5e sobre a cria\u00e7\u00e3o de emprego p\u00fablico que especifica e d\u00e1 outras provid\u00eancias.\u201d","dataAtualizacao":"2026-02-02 11:58:43","dataInicioVigencia":null,"dataFimVigencia":null,"data":"2026-01-23","numero":5140,"categoria":"Lei Ordin\u00e1ria","situacao":"Em vigor","descricao":""},{"ementa":"\u201cDisp\u00f5e sobre a concess\u00e3o de isen\u00e7\u00e3o do Imposto Sobre Transmiss\u00e3o de Bens Im\u00f3veis - ITBI, aos benefici\u00e1rios das unidades habitacionais do FAR (Fundo de Arrendamento Residencial) por meio do Programa Minha Casa, Minha Vida.\u201d","dataAtualizacao":"2026-02-02 11:58:13","dataInicioVigencia":null,"dataFimVigencia":null,"data":"2026-01-23","numero":5139,"categoria":"Lei Ordin\u00e1ria","situacao":"Em vigor","descricao":""},{"ementa":"\u201cAutoriza o Poder Executivo Municipal de Ipu\u00e3 a DOAR \u00e1reas de terras de sua propriedade ao Fundo de Arrendamento Residencial \u2013 FAR, representado pela Caixa Econ\u00f4mica Federal.\u201d","dataAtualizacao":"2026-02-02 11:57:42","dataInicioVigencia":null,"dataFimVigencia":null,"data":"2026-01-23","numero":5138,"categoria":"Lei Ordin\u00e1ria","situacao":"Em vigor","descricao":""},{"ementa":"&quot;Disp\u00f5e sobre a cess\u00e3o de servidores p\u00fablicos da Administra\u00e7\u00e3o P\u00fablica Municipal Direta e Indireta para a Irmandade da Santa Casa de Miseric\u00f3rdia de Ipu\u00e3, CNPJ: 45.708.765\/0001-19 e d\u00e1 outras provid\u00eancias\u201d.","dataAtualizacao":"2026-02-02 11:56:40","dataInicioVigencia":null,"dataFimVigencia":null,"data":"2026-01-23","numero":5137,"categoria":"Lei Ordin\u00e1ria","situacao":"Em vigor","descricao":""},{"ementa":"&quot;Altera a reda\u00e7\u00e3o da Lei Municipal n\u00ba 3.390, de 01 de mar\u00e7o de 2013, para modificar a denomina\u00e7\u00e3o do emprego de veterin\u00e1rio para m\u00e9dico-veterin\u00e1rio e d\u00e1 outras provid\u00eancias.&quot;","dataAtualizacao":"2026-02-02 11:56:06","dataInicioVigencia":null,"dataFimVigencia":null,"data":"2026-01-23","numero":5136,"categoria":"Lei Ordin\u00e1ria","situacao":"Em vigor","descricao":""},{"ementa":"\u201cInstitu\u00ed a Agenda Jovem no Munic\u00edpio de Ipu\u00e3 - SP e d\u00e1 outras provid\u00eancias&quot;.","dataAtualizacao":"2026-02-02 11:55:33","dataInicioVigencia":null,"dataFimVigencia":null,"data":"2026-01-23","numero":5135,"categoria":"Lei Ordin\u00e1ria","situacao":"Em vigor","descricao":""},{"ementa":"Regulamenta Lei 5.146\/2026, que inclui A\u00e7\u00e3o na LDO e abre cr\u00e9dito adicional especial no valor Total de R$ 400.000,00 e d\u00e1 outras provid\u00eancias.","dataAtualizacao":"2026-02-02 12:18:35","dataInicioVigencia":null,"dataFimVigencia":null,"data":"2026-01-23","numero":4945,"categoria":"Decreto","situacao":"Em vigor","descricao":""},{"ementa":"Regulamenta Lei 5.145\/2026, que disp\u00f5e sobre abertura de cr\u00e9dito suplementar no valor de R$ 18.000,00 e d\u00e1 outras provid\u00eancias.","dataAtualizacao":"2026-02-02 12:17:58","dataInicioVigencia":null,"dataFimVigencia":null,"data":"2026-01-23","numero":4944,"categoria":"Decreto","situacao":"Em vigor","descricao":""},{"ementa":"Regulamenta Lei 5.143\/2026, que disp\u00f5e sobre abertura de cr\u00e9dito suplementar no valor de R$ 1.120.000,00 e d\u00e1 outras provid\u00eancias.","dataAtualizacao":"2026-02-02 12:17:20","dataInicioVigencia":null,"dataFimVigencia":null,"data":"2026-01-23","numero":4943,"categoria":"Decreto","situacao":"Em vigor","descricao":""},{"ementa":"Regulamenta Lei 5.143\/2026, que disp\u00f5e sobre abertura de cr\u00e9dito suplementar no valor de R$ 1.120.000,00 e d\u00e1 outras provid\u00eancias.","dataAtualizacao":"2026-02-02 12:16:49","dataInicioVigencia":null,"dataFimVigencia":null,"data":"2026-01-23","numero":4942,"categoria":"Decreto","situacao":"Em vigor","descricao":""},{"ementa":"Regulamenta Lei 5.142\/2026, que inclui Programa no PPA e na LDO e abre cr\u00e9dito adicional especial no valor Total de R$ 1.490.900,00 e d\u00e1 outras provid\u00eancias.","dataAtualizacao":"2026-02-02 12:15:54","dataInicioVigencia":null,"dataFimVigencia":null,"data":"2026-01-23","numero":4941,"categoria":"Decreto","situacao":"Em vigor","descricao":""},{"ementa":"Regulamenta Lei 5.141\/2026, que disp\u00f5e sobre abertura de cr\u00e9dito adicional especial no valor de R$ 1.564.000,00, inclui Programa no PPA e LDO e d\u00e1 outras provid\u00eancias.","dataAtualizacao":"2026-02-02 12:15:19","dataInicioVigencia":null,"dataFimVigencia":null,"data":"2026-01-23","numero":4940,"categoria":"Decreto","situacao":"Em vigor","descricao":""},{"ementa":"Estabelece novo local e hor\u00e1rio de trabalho para a servidora Roseli da Silva Ferreira de Oliveira, Merendeira.","dataAtualizacao":"2026-01-30 17:49:26","dataInicioVigencia":null,"dataFimVigencia":null,"data":"2026-01-22","numero":16265,"categoria":"Portaria","situacao":"Em vigor","descricao":""},{"ementa":"Contrata Gessileia Nascimento Duarte para o emprego permanente de Ajudante de Manuten\u00e7\u00e3o.","dataAtualizacao":"2026-01-30 17:48:40","dataInicioVigencia":null,"dataFimVigencia":null,"data":"2026-01-22","numero":16264,"categoria":"Portaria","situacao":"Em vigor","descricao":""},{"ementa":"Instaura processo administrativo de readapta\u00e7\u00e3o funcional n\u00ba 001\/2026 da servidora Adriana Aparecida Porteiro do Nascimento Sampaio.","dataAtualizacao":"2026-01-30 17:47:32","dataInicioVigencia":null,"dataFimVigencia":null,"data":"2026-01-22","numero":16263,"categoria":"Portaria","situacao":"Em vigor","descricao":""},{"ementa":"Estabelece novo hor\u00e1rio de trabalho para a servidora Maria Eduarda Silva Mendes, Agente Comunit\u00e1ria de Sa\u00fade.","dataAtualizacao":"2026-01-30 17:47:06","dataInicioVigencia":null,"dataFimVigencia":null,"data":"2026-01-22","numero":16262,"categoria":"Portaria","situacao":"Em vigor","descricao":""},{"ementa":"Estabelece novo local e hor\u00e1rio de trabalho para a servidora Tain\u00e1 Raphael da Silva, Ajudante de Manuten\u00e7\u00e3o.","dataAtualizacao":"2026-01-30 17:46:21","dataInicioVigencia":null,"dataFimVigencia":null,"data":"2026-01-22","numero":16261,"categoria":"Portaria","situacao":"Em vigor","descricao":""},{"ementa":"Estabelece novo local e hor\u00e1rio de trabalho para a servidora Vanessa Ferro Pereira da Silva, Ajudante de Manuten\u00e7\u00e3o.","dataAtualizacao":"2026-01-30 17:45:37","dataInicioVigencia":null,"dataFimVigencia":null,"data":"2026-01-22","numero":16260,"categoria":"Portaria","situacao":"Em vigor","descricao":""},{"ementa":"Estabelece novo local e hor\u00e1rio de trabalho para a servidora Ant\u00f4nia de Souza, Merendeira.","dataAtualizacao":"2026-01-30 17:45:01","dataInicioVigencia":null,"dataFimVigencia":null,"data":"2026-01-22","numero":16259,"categoria":"Portaria","situacao":"Em vigor","descricao":""},{"ementa":"Estabelece novo hor\u00e1rio de trabalho para a servidora Zuleide Rosana da Silva Moreira, Merendeira.","dataAtualizacao":"2026-01-30 17:43:45","dataInicioVigencia":null,"dataFimVigencia":null,"data":"2026-01-22","numero":16258,"categoria":"Portaria","situacao":"Em vigor","descricao":""},{"ementa":"Estabelece novo hor\u00e1rio de trabalho para a servidora Dirlene Maria Ferreira.","dataAtualizacao":"2026-01-30 17:43:11","dataInicioVigencia":null,"dataFimVigencia":null,"data":"2026-01-22","numero":16257,"categoria":"Portaria","situacao":"Em vigor","descricao":""},{"ementa":"Designa Pregoeiros e Equipe de Apoio para o Processo Licitat\u00f3rio n\u00ba 002\/2026, na modalidade Preg\u00e3o Eletr\u00f4nico n\u00ba 002\/2026.","dataAtualizacao":"2026-01-30 17:54:33","dataInicioVigencia":null,"dataFimVigencia":null,"data":"2026-01-22","numero":16256,"categoria":"Portaria","situacao":"Em vigor","descricao":""},{"ementa":"Estabelece novo hor\u00e1rio de trabalho para a servidora Let\u00edcia Dias Brigo, Psic\u00f3loga.","dataAtualizacao":"2026-01-30 17:39:01","dataInicioVigencia":null,"dataFimVigencia":null,"data":"2026-01-21","numero":16255,"categoria":"Portaria","situacao":"Em vigor","descricao":""},{"ementa":"Designa Pregoeiros e Equipe de Apoio para o Processo Licitat\u00f3rio n\u00ba 001\/2026, na modalidade Preg\u00e3o Eletr\u00f4nico n\u00ba 001\/2026.","dataAtualizacao":"2026-01-30 17:38:28","dataInicioVigencia":null,"dataFimVigencia":null,"data":"2026-01-21","numero":16254,"categoria":"Portaria","situacao":"Em vigor","descricao":""},{"ementa":"Disp\u00f5e sobre o arquivamento de Processo Administrativo Disciplinar n\u00b0 02\/2025.","dataAtualizacao":"2026-01-30 17:37:55","dataInicioVigencia":null,"dataFimVigencia":null,"data":"2026-01-21","numero":16253,"categoria":"Portaria","situacao":"Em vigor","descricao":""},{"ementa":"Disp\u00f5e sobre a concess\u00e3o de ponto facultativo no \u00e2mbito da Administra\u00e7\u00e3o P\u00fablica Municipal durante o exerc\u00edcio de 2026 e d\u00e1 outras provid\u00eancias.","dataAtualizacao":"2026-02-02 12:14:37","dataInicioVigencia":null,"dataFimVigencia":null,"data":"2026-01-21","numero":4939,"categoria":"Decreto","situacao":"Em vigor","descricao":""},{"ementa":"Estabelece novo hor\u00e1rio de trabalho para a servidora Eliana Muniz de Oliveira Vieira, Ajudante de Manuten\u00e7\u00e3o.","dataAtualizacao":"2026-01-20 16:48:06","dataInicioVigencia":null,"dataFimVigencia":null,"data":"2026-01-20","numero":16252,"categoria":"Portaria","situacao":"Em vigor","descricao":""},{"ementa":"Disp\u00f5e sobre a composi\u00e7\u00e3o do Comit\u00ea Municipal Intersetorial de Apura\u00e7\u00e3o do Or\u00e7amento da Crian\u00e7a e do Adolescente.","dataAtualizacao":"2026-01-20 16:47:34","dataInicioVigencia":null,"dataFimVigencia":null,"data":"2026-01-20","numero":16251,"categoria":"Portaria","situacao":"Em vigor","descricao":""},{"ementa":"Convoca Fausto Olivier Franco, Secret\u00e1rio de Engenharia, Obras, Tr\u00e2nsito, Meio Ambiente e Agricultura, para retornar \u00e0s suas atividades e d\u00e1 outras provid\u00eancias.","dataAtualizacao":"2026-01-20 16:46:21","dataInicioVigencia":null,"dataFimVigencia":null,"data":"2026-01-19","numero":16250,"categoria":"Portaria","situacao":"Em vigor","descricao":""},{"ementa":"Estabelece novo hor\u00e1rio de trabalho para a servidora Marisa de Fatima da Silva, Merendeira.","dataAtualizacao":"2026-01-20 16:44:54","dataInicioVigencia":null,"dataFimVigencia":null,"data":"2026-01-16","numero":16249,"categoria":"Portaria","situacao":"Em vigor","descricao":""},{"ementa":"Estabelece novo local e hor\u00e1rio de trabalho para a servidora Iara Barbeto Ferreira, Ajudante de Manuten\u00e7\u00e3o.","dataAtualizacao":"2026-01-20 16:44:21","dataInicioVigencia":null,"dataFimVigencia":null,"data":"2026-01-16","numero":16248,"categoria":"Portaria","situacao":"Em vigor","descricao":""},{"ementa":"Designa a servidora Patr\u00edcia Sanches de Oliveira Molinari para exercer, em car\u00e1ter tempor\u00e1rio, a fun\u00e7\u00e3o de Fiscal de Contratos Administrativos.","dataAtualizacao":"2026-01-20 16:43:44","dataInicioVigencia":null,"dataFimVigencia":null,"data":"2026-01-16","numero":16247,"categoria":"Portaria","situacao":"Em vigor","descricao":""},{"ementa":"Designa a servidora Nere Ulian Ferreira de Souza para exercer, em car\u00e1ter tempor\u00e1rio, a fun\u00e7\u00e3o de Fiscal de Contratos Administrativos.","dataAtualizacao":"2026-01-20 16:42:58","dataInicioVigencia":null,"dataFimVigencia":null,"data":"2026-01-16","numero":16246,"categoria":"Portaria","situacao":"Em vigor","descricao":""},{"ementa":"Estabelece novo hor\u00e1rio de trabalho para a servidora Dirlene Maria Ferreira.","dataAtualizacao":"2026-01-20 16:42:07","dataInicioVigencia":null,"dataFimVigencia":null,"data":"2026-01-16","numero":16245,"categoria":"Portaria","situacao":"Em vigor","descricao":""},{"ementa":"Designa o servidor Jos\u00e9 Aparecido Madalena para exercer a fun\u00e7\u00e3o gratificada de Agente de Defesa Civil.","dataAtualizacao":"2026-01-20 16:41:15","dataInicioVigencia":null,"dataFimVigencia":null,"data":"2026-01-16","numero":16244,"categoria":"Portaria","situacao":"Em vigor","descricao":""},{"ementa":"Estabelece novo hor\u00e1rio de trabalho para a servidora Adriana Carla Baso, Enfermeira.","dataAtualizacao":"2026-01-20 16:40:29","dataInicioVigencia":null,"dataFimVigencia":null,"data":"2026-01-16","numero":16243,"categoria":"Portaria","situacao":"Em vigor","descricao":""},{"ementa":"Estabelece novo hor\u00e1rio de trabalho para a servidora Maria Vilma Batista Moser, Ajudante de Manuten\u00e7\u00e3o.","dataAtualizacao":"2026-01-20 16:39:40","dataInicioVigencia":null,"dataFimVigencia":null,"data":"2026-01-16","numero":16242,"categoria":"Portaria","situacao":"Em vigor","descricao":""},{"ementa":"Estabelece novo local e hor\u00e1rio de trabalho para a servidora Fernanda Ramos Proc\u00f3pio, Monitora de Creche, CEMEI e CEPEM.","dataAtualizacao":"2026-01-20 16:38:52","dataInicioVigencia":null,"dataFimVigencia":null,"data":"2026-01-16","numero":16241,"categoria":"Portaria","situacao":"Em vigor","descricao":""},{"ementa":"Designa o servidor Jo\u00e3o Batista de Faria para substituir Adriano Luiz Morais, durante as suas f\u00e9rias.","dataAtualizacao":"2026-01-20 16:38:10","dataInicioVigencia":null,"dataFimVigencia":null,"data":"2026-01-16","numero":16240,"categoria":"Portaria","situacao":"Em vigor","descricao":""},{"ementa":"Disp\u00f5e sobre o arquivamento de Processo Administrativo Disciplinar n\u00b0 03\/2025.","dataAtualizacao":"2026-01-20 16:36:58","dataInicioVigencia":null,"dataFimVigencia":null,"data":"2026-01-14","numero":16239,"categoria":"Portaria","situacao":"Em vigor","descricao":""},{"ementa":"Estabelece novo hor\u00e1rio de trabalho para a servidora Lucimary Fornel Oliveira, Monitora de Creche, CEMEI e CEPEM.","dataAtualizacao":"2026-01-20 16:35:43","dataInicioVigencia":null,"dataFimVigencia":null,"data":"2026-01-12","numero":16238,"categoria":"Portaria","situacao":"Em vigor","descricao":""},{"ementa":"Estabelece novo hor\u00e1rio de trabalho para a servidora Leidiane de Almeida da Silva Guedini, Merendeira.","dataAtualizacao":"2026-01-20 16:34:54","dataInicioVigencia":null,"dataFimVigencia":null,"data":"2026-01-12","numero":16237,"categoria":"Portaria","situacao":"Em vigor","descricao":""},{"ementa":"Convoca a servidora Yasmin Cristina Benedito Rocha, Auxiliar Administrativo, para retornar \u00e0s suas atividades e d\u00e1 outras provid\u00eancias.","dataAtualizacao":"2026-01-20 16:34:12","dataInicioVigencia":null,"dataFimVigencia":null,"data":"2026-01-12","numero":16236,"categoria":"Portaria","situacao":"Em vigor","descricao":""},{"ementa":"Designa Comiss\u00e3o de Avalia\u00e7\u00e3o referente ao Edital n\u00ba 01, de 08 de janeiro de 2026 - SMS, para Cadastramento de Monitores de Deficientes, para contrata\u00e7\u00e3o tempor\u00e1ria.","dataAtualizacao":"2026-01-20 16:30:44","dataInicioVigencia":null,"dataFimVigencia":null,"data":"2026-01-09","numero":16235,"categoria":"Portaria","situacao":"Em vigor","descricao":""},{"ementa":"Disp\u00f5e sobre a altera\u00e7\u00e3o tempor\u00e1ria do local e do hor\u00e1rio de trabalho da servidora Denise Aparecida da Silva Parise, Ajudante de Manuten\u00e7\u00e3o","dataAtualizacao":"2026-01-20 16:30:06","dataInicioVigencia":null,"dataFimVigencia":null,"data":"2026-01-09","numero":16234,"categoria":"Portaria","situacao":"Em vigor","descricao":""},{"ementa":"Estabelece novo hor\u00e1rio de trabalho para a servidora Beatriz Cristina de Oliveira Silva Scorsato, Coordenadora Pedag\u00f3gica.","dataAtualizacao":"2026-01-20 16:29:16","dataInicioVigencia":null,"dataFimVigencia":null,"data":"2026-01-09","numero":16233,"categoria":"Portaria","situacao":"Em vigor","descricao":""},{"ementa":"Estabelece novo hor\u00e1rio de trabalho para a servidora Cintia de Paula Silva, Ajudante de Manuten\u00e7\u00e3o.","dataAtualizacao":"2026-01-20 16:27:20","dataInicioVigencia":null,"dataFimVigencia":null,"data":"2026-01-09","numero":16232,"categoria":"Portaria","situacao":"Em vigor","descricao":""},{"ementa":"Designa a servidora Karoline Ulian Ferreira de Souza para substituir Priscila Honorato de Oliveira, Secret\u00e1ria Municipal de Sa\u00fade, durante o per\u00edodo de f\u00e9rias.","dataAtualizacao":"2026-01-09 11:48:09","dataInicioVigencia":null,"dataFimVigencia":null,"data":"2026-01-08","numero":16231,"categoria":"Portaria","situacao":"Em vigor","descricao":""},{"ementa":"Estabelece novo hor\u00e1rio de trabalho para o servidor Silvio Cesar da Silva, Motorista.","dataAtualizacao":"2026-01-09 11:46:46","dataInicioVigencia":null,"dataFimVigencia":null,"data":"2026-01-07","numero":16230,"categoria":"Portaria","situacao":"Em vigor","descricao":""},{"ementa":"Prorroga, por mais 90 dias, o prazo para conclus\u00e3o dos trabalhos da Comiss\u00e3o de Processo Administrativo Disciplinar, designada para condu\u00e7\u00e3o do Processo Administrativo Disciplinar n\u00ba 008\/2025, vinculado \u00e0 Se\u00e7\u00e3o de Recursos Humanos.","dataAtualizacao":"2026-01-09 11:46:13","dataInicioVigencia":null,"dataFimVigencia":null,"data":"2026-01-07","numero":16229,"categoria":"Portaria","situacao":"Em vigor","descricao":""},{"ementa":"Prorroga, por mais 90 dias, o prazo para conclus\u00e3o dos trabalhos da Comiss\u00e3o de Processo Administrativo Disciplinar, designada para condu\u00e7\u00e3o do Processo Administrativo Disciplinar n\u00ba 007\/2025, instaurado em face da servidora L M S.","dataAtualizacao":"2026-01-09 11:45:16","dataInicioVigencia":null,"dataFimVigencia":null,"data":"2026-01-07","numero":16228,"categoria":"Portaria","situacao":"Em vigor","descricao":""},{"ementa":"Estabelece novo hor\u00e1rio de trabalho para o servidor Jo\u00e3o Carlos Leandro, Motorista.","dataAtualizacao":"2026-01-09 11:43:21","dataInicioVigencia":null,"dataFimVigencia":null,"data":"2026-01-06","numero":16227,"categoria":"Portaria","situacao":"Em vigor","descricao":""},{"ementa":"Estabelece novo hor\u00e1rio de trabalho para a servidora Vilma Aparecida Teodoro Sacardo, Agente Administrativo.","dataAtualizacao":"2026-01-09 11:42:14","dataInicioVigencia":null,"dataFimVigencia":null,"data":"2026-01-06","numero":16226,"categoria":"Portaria","situacao":"Em vigor","descricao":""},{"ementa":"Estabelece novo hor\u00e1rio de trabalho para a servidora Eliana Cristina Fernandes Pereira, Ajudante de Manuten\u00e7\u00e3o.","dataAtualizacao":"2026-01-09 11:41:25","dataInicioVigencia":null,"dataFimVigencia":null,"data":"2026-01-06","numero":16225,"categoria":"Portaria","situacao":"Em vigor","descricao":""},{"ementa":"Estabelece novo hor\u00e1rio de trabalho para a servidora J\u00e9ssica do Nascimento Teixeira, Auxiliar de Enfermagem.","dataAtualizacao":"2026-01-09 11:40:01","dataInicioVigencia":null,"dataFimVigencia":null,"data":"2026-01-06","numero":16224,"categoria":"Portaria","situacao":"Em vigor","descricao":""},{"ementa":"Estabelece novo hor\u00e1rio de trabalho para o servidor Ricardo da Silva, Motorista.","dataAtualizacao":"2026-01-09 11:39:23","dataInicioVigencia":null,"dataFimVigencia":null,"data":"2026-01-06","numero":16223,"categoria":"Portaria","situacao":"Em vigor","descricao":""},{"ementa":"Estabelece novo hor\u00e1rio de trabalho para o servidor Agnaldo Petrocini, Motorista.","dataAtualizacao":"2026-01-09 11:38:45","dataInicioVigencia":null,"dataFimVigencia":null,"data":"2026-01-06","numero":16222,"categoria":"Portaria","situacao":"Em vigor","descricao":""},{"ementa":"Estabelece novo hor\u00e1rio de trabalho para o servidor Jorge Luiz Torres, Motorista.","dataAtualizacao":"2026-01-09 11:36:37","dataInicioVigencia":null,"dataFimVigencia":null,"data":"2026-01-06","numero":16221,"categoria":"Portaria","situacao":"Em vigor","descricao":""},{"ementa":"Estabelece novo hor\u00e1rio de trabalho para a servidora Maria Eduarda Martins Mota, T\u00e9cnica de Enfermagem.","dataAtualizacao":"2026-01-09 11:35:20","dataInicioVigencia":null,"dataFimVigencia":null,"data":"2026-01-06","numero":16220,"categoria":"Portaria","situacao":"Em vigor","descricao":""},{"ementa":"Estabelece novo hor\u00e1rio de trabalho para a servidora Franciele Josefa Costa, Enfermeira.","dataAtualizacao":"2026-01-09 11:34:51","dataInicioVigencia":null,"dataFimVigencia":null,"data":"2026-01-06","numero":16219,"categoria":"Portaria","situacao":"Em vigor","descricao":""},{"ementa":"Convoca a servidora S\u00edlvia M\u00e1rcia Vit\u00f3rio Miguel, Chefe de Divis\u00e3o de Tributa\u00e7\u00e3o e Fiscaliza\u00e7\u00e3o Municipal, para retornar \u00e0s suas atividades e d\u00e1 outras provid\u00eancias.","dataAtualizacao":"2026-01-09 09:54:00","dataInicioVigencia":null,"dataFimVigencia":null,"data":"2026-01-05","numero":16218,"categoria":"Portaria","situacao":"Em vigor","descricao":""},{"ementa":"Estabelece novo hor\u00e1rio de trabalho para o servidor Robson Rodrigues Cirqueira, Motorista.","dataAtualizacao":"2026-01-09 09:53:25","dataInicioVigencia":null,"dataFimVigencia":null,"data":"2026-01-05","numero":16217,"categoria":"Portaria","situacao":"Em vigor","descricao":""},{"ementa":"Estabelece novo hor\u00e1rio de trabalho para o servidor Igor Brigo Menegueti, Motorista.","dataAtualizacao":"2026-01-09 09:51:54","dataInicioVigencia":null,"dataFimVigencia":null,"data":"2026-01-05","numero":16215,"categoria":"Portaria","situacao":"Em vigor","descricao":""},{"ementa":"Disp\u00f5e sobre a altera\u00e7\u00e3o tempor\u00e1ria do local e hor\u00e1rio de trabalho da servidora Juliana Ribeiro da Silva, Assistente Social.","dataAtualizacao":"2026-01-09 09:49:57","dataInicioVigencia":null,"dataFimVigencia":null,"data":"2026-01-05","numero":16214,"categoria":"Portaria","situacao":"Em vigor","descricao":""},{"ementa":"Designa a servidora Vit\u00f3ria Tereza de Souza Petrocini para substituir Manoel da Cruz Oliveira durante seu per\u00edodo de f\u00e9rias.","dataAtualizacao":"2026-01-09 09:49:20","dataInicioVigencia":null,"dataFimVigencia":null,"data":"2026-01-05","numero":16213,"categoria":"Portaria","situacao":"Em vigor","descricao":""},{"ementa":"Convoca a servidora Nere Ulian Ferreira de Souza, Coordenadora de Servi\u00e7os, para retornar \u00e0s suas atividades e d\u00e1 outras provid\u00eancias.","dataAtualizacao":"2026-01-09 09:48:40","dataInicioVigencia":null,"dataFimVigencia":null,"data":"2026-01-05","numero":16212,"categoria":"Portaria","situacao":"Em vigor","descricao":""},{"ementa":"Abre no Or\u00e7amento vigente um Cr\u00e9dito Adicional Especial no valor de R$ 24.600,00 e d\u00e1 outras provid\u00eancias.","dataAtualizacao":"2026-01-09 12:31:38","dataInicioVigencia":null,"dataFimVigencia":null,"data":"2026-01-05","numero":4938,"categoria":"Decreto","situacao":"Em vigor","descricao":""},{"ementa":"Abre no Or\u00e7amento vigente um Cr\u00e9dito Adicional Especial no valor de R$ 15.200,00 e d\u00e1 outras provid\u00eancias.","dataAtualizacao":"2026-01-09 12:31:03","dataInicioVigencia":null,"dataFimVigencia":null,"data":"2026-01-05","numero":4937,"categoria":"Decreto","situacao":"Em vigor","descricao":""},{"ementa":"Abre no Or\u00e7amento vigente um Cr\u00e9dito Adicional Especial no valor de R$ 400.000,00 e d\u00e1 outras provid\u00eancias.","dataAtualizacao":"2026-01-09 12:30:25","dataInicioVigencia":null,"dataFimVigencia":null,"data":"2026-01-05","numero":4936,"categoria":"Decreto","situacao":"Em vigor","descricao":""},{"ementa":"Abre no Or\u00e7amento vigente um Cr\u00e9dito Adicional Especial no valor de R$ 7.600,00 e d\u00e1 outras provid\u00eancias.","dataAtualizacao":"2026-01-09 12:29:56","dataInicioVigencia":null,"dataFimVigencia":null,"data":"2026-01-05","numero":4935,"categoria":"Decreto","situacao":"Em vigor","descricao":""},{"ementa":"Abre no Or\u00e7amento vigente um Cr\u00e9dito Adicional Especial no valor de R$ 184.600,00 e d\u00e1 outras provid\u00eancias.","dataAtualizacao":"2026-01-09 12:29:18","dataInicioVigencia":null,"dataFimVigencia":null,"data":"2026-01-05","numero":4934,"categoria":"Decreto","situacao":"Em vigor","descricao":""},{"ementa":"Abre no Or\u00e7amento vigente um Cr\u00e9dito Adicional Especial no valor de R$ 200.000,00 e d\u00e1 outras provid\u00eancias.","dataAtualizacao":"2026-01-09 12:28:46","dataInicioVigencia":null,"dataFimVigencia":null,"data":"2026-01-05","numero":4933,"categoria":"Decreto","situacao":"Em vigor","descricao":""},{"ementa":"Abre no Or\u00e7amento vigente um Cr\u00e9dito Adicional Especial no valor de R$ 505.000,00 e d\u00e1 outras provid\u00eancias.","dataAtualizacao":"2026-01-09 12:28:19","dataInicioVigencia":null,"dataFimVigencia":null,"data":"2026-01-05","numero":4932,"categoria":"Decreto","situacao":"Em vigor","descricao":""},{"ementa":"Abre no Or\u00e7amento vigente um Cr\u00e9dito Adicional Especial no valor de R$ 197.800,00 e d\u00e1 outras provid\u00eancias.","dataAtualizacao":"2026-01-09 12:27:48","dataInicioVigencia":null,"dataFimVigencia":null,"data":"2026-01-05","numero":4931,"categoria":"Decreto","situacao":"Em vigor","descricao":""},{"ementa":"Abre no Or\u00e7amento vigente um Cr\u00e9dito Adicional Especial no valor de R$ 148.000,00 e d\u00e1 outras provid\u00eancias.","dataAtualizacao":"2026-01-09 12:27:16","dataInicioVigencia":null,"dataFimVigencia":null,"data":"2026-01-05","numero":4930,"categoria":"Decreto","situacao":"Em vigor","descricao":""},{"ementa":"Estabelece prazos e condi\u00e7\u00f5es para o pagamento do Imposto Sobre a Propriedade Predial e Territorial Urbana \u2013 IPTU no Munic\u00edpio de Ipu\u00e3.","dataAtualizacao":"2026-01-09 12:20:47","dataInicioVigencia":null,"dataFimVigencia":null,"data":"2026-01-05","numero":4929,"categoria":"Decreto","situacao":"Em vigor","descricao":""},{"ementa":"Disp\u00f5e sobre a altera\u00e7\u00e3o do local de trabalho do servidor Luiz Fernando Ferreira Zonfril e d\u00e1 outras provid\u00eancias.","dataAtualizacao":"2026-01-09 09:40:44","dataInicioVigencia":null,"dataFimVigencia":null,"data":"2025-12-30","numero":16211,"categoria":"Portaria","situacao":"Em vigor","descricao":""},{"ementa":"Designa Pregoeiros e Equipe de Apoio para o Processo Licitat\u00f3rio n\u00ba 126\/2025, na modalidade Preg\u00e3o Eletr\u00f4nico n\u00ba 67\/2025.","dataAtualizacao":"2026-01-09 09:39:54","dataInicioVigencia":null,"dataFimVigencia":null,"data":"2025-12-30","numero":16210,"categoria":"Portaria","situacao":"Em vigor","descricao":""},{"ementa":"Disp\u00f5e sobre a altera\u00e7\u00e3o tempor\u00e1ria do hor\u00e1rio de trabalho do servidor Diego Henrique de Araujo, Motorista e d\u00e1 outras provid\u00eancias.","dataAtualizacao":"2026-01-09 09:39:08","dataInicioVigencia":null,"dataFimVigencia":null,"data":"2025-12-30","numero":16209,"categoria":"Portaria","situacao":"Em vigor","descricao":""},{"ementa":"Estabelece novo local de trabalho para os servidores municipais e d\u00e1 outras provid\u00eancias.","dataAtualizacao":"2026-01-09 09:37:01","dataInicioVigencia":null,"dataFimVigencia":null,"data":"2025-12-30","numero":16208,"categoria":"Portaria","situacao":"Em vigor","descricao":""},{"ementa":"Disp\u00f5e sobre a publica\u00e7\u00e3o e a observ\u00e2ncia do Plano de Conting\u00eancia de Prote\u00e7\u00e3o e Defesa Civil \u2013 PLANCON do Munic\u00edpio de Ipu\u00e3 e d\u00e1 outras provid\u00eancias.","dataAtualizacao":"2026-01-09 12:18:38","dataInicioVigencia":null,"dataFimVigencia":null,"data":"2025-12-30","numero":4928,"categoria":"Decreto","situacao":"Em vigor","descricao":""},{"ementa":"Disp\u00f5e sobre a publica\u00e7\u00e3o e a observ\u00e2ncia do Plano Diretor de Tecnologia da Informa\u00e7\u00e3o \u2013 PDTI da Prefeitura Municipal de Ipu\u00e3 e d\u00e1 outras provid\u00eancias.","dataAtualizacao":"2026-01-09 12:18:06","dataInicioVigencia":null,"dataFimVigencia":null,"data":"2025-12-30","numero":4927,"categoria":"Decreto","situacao":"Em vigor","descricao":""},{"ementa":"Estabelece novas tarifas de Consumo de \u00c1gua e Coleta de Esgotos Sanit\u00e1rios no Munic\u00edpio de Ipu\u00e3.","dataAtualizacao":"2026-01-09 12:17:15","dataInicioVigencia":null,"dataFimVigencia":null,"data":"2025-12-30","numero":4926,"categoria":"Decreto","situacao":"Em vigor","descricao":""},{"ementa":"Disp\u00f5e sobre a fixa\u00e7\u00e3o de novos valores da Tabela de Pre\u00e7os de que trata o Anexo \u00danico da Lei N\u00ba 3.725 de 04 de dezembro de 2.015.","dataAtualizacao":"2026-01-09 12:16:35","dataInicioVigencia":null,"dataFimVigencia":null,"data":"2025-12-30","numero":4925,"categoria":"Decreto","situacao":"Em vigor","descricao":""},{"ementa":"Disp\u00f5e sobre os pre\u00e7os a serem cobrados por servi\u00e7os funer\u00e1rios e concess\u00e3o de terrenos no Cemit\u00e9rio Municipal.","dataAtualizacao":"2026-01-09 12:15:36","dataInicioVigencia":null,"dataFimVigencia":null,"data":"2025-12-30","numero":4924,"categoria":"Decreto","situacao":"Em vigor","descricao":""},{"ementa":"Disp\u00f5e sobre a fixa\u00e7\u00e3o de novos pre\u00e7os de servi\u00e7os de expediente, emolumentos, servi\u00e7os t\u00e9cnicos e loca\u00e7\u00e3o de equipamentos e outros que especifica.","dataAtualizacao":"2026-01-09 12:15:57","dataInicioVigencia":null,"dataFimVigencia":null,"data":"2025-12-30","numero":4923,"categoria":"Decreto","situacao":"Em vigor","descricao":""},{"ementa":"Designa Gestor e Fiscal do Contrato n\u00ba 051\/2025, referente ao Processo n\u00ba 099\/2025, na modalidade Concorr\u00eancia Eletr\u00f4nica n\u00ba 005\/2025.","dataAtualizacao":"2026-01-09 09:34:58","dataInicioVigencia":null,"dataFimVigencia":null,"data":"2025-12-29","numero":16207,"categoria":"Portaria","situacao":"Em vigor","descricao":""},{"ementa":"Disp\u00f5e sobre reenquadramento de servidores municipais, em decorr\u00eancia de promo\u00e7\u00e3o por tempo de servi\u00e7o.","dataAtualizacao":"2026-01-09 09:34:13","dataInicioVigencia":null,"dataFimVigencia":null,"data":"2025-12-29","numero":16206,"categoria":"Portaria","situacao":"Em vigor","descricao":""},{"ementa":"Designa o servidor Marcos Rog\u00e9rio da Cruz para substituir Janaina da Silva, durante suas f\u00e9rias e em quaisquer impedimentos.","dataAtualizacao":"2026-01-09 09:33:42","dataInicioVigencia":null,"dataFimVigencia":null,"data":"2025-12-29","numero":16205,"categoria":"Portaria","situacao":"Em vigor","descricao":""},{"ementa":"\u201cDisp\u00f5e sobre a regulamenta\u00e7\u00e3o do formul\u00e1rio padr\u00e3o do Auto de Apreens\u00e3o e do Auto de Infra\u00e7\u00e3o para aplica\u00e7\u00e3o de multa previstas na Lei Municipal n\u00b0 5.128 de 16 de dezembro de 2025.\u201d","dataAtualizacao":"2026-01-09 12:04:41","dataInicioVigencia":null,"dataFimVigencia":null,"data":"2025-12-29","numero":4922,"categoria":"Decreto","situacao":"Em vigor","descricao":""},{"ementa":"Designa Gestor e Fiscal do Contrato n\u00ba 052\/2025, referente ao Processo de Licita\u00e7\u00e3o n\u00ba 092\/2025, na modalidade Preg\u00e3o Eletr\u00f4nico n\u00ba 048\/2025.","dataAtualizacao":"2026-01-09 09:33:10","dataInicioVigencia":null,"dataFimVigencia":null,"data":"2025-12-23","numero":16204,"categoria":"Portaria","situacao":"Em vigor","descricao":""},{"ementa":"Disp\u00f5e sobre a instaura\u00e7\u00e3o de Processo Administrativo Disciplinar em face da servidora municipal T R M S e d\u00e1 outras provid\u00eancias.","dataAtualizacao":"2026-01-09 09:32:19","dataInicioVigencia":null,"dataFimVigencia":null,"data":"2025-12-23","numero":16203,"categoria":"Portaria","situacao":"Em vigor","descricao":""},{"ementa":"Disp\u00f5e sobre a prorroga\u00e7\u00e3o do prazo de vig\u00eancia do Programa Emergencial de Aux\u00edlio-Desemprego &quot;Emprega Ipu\u00e3 3&quot;, institu\u00eddo pela Lei Municipal n\u00ba 4.972, de 16 de janeiro de 2025, e d\u00e1 outras provid\u00eancias.","dataAtualizacao":"2026-01-09 12:04:06","dataInicioVigencia":null,"dataFimVigencia":null,"data":"2025-12-23","numero":4921,"categoria":"Decreto","situacao":"Em vigor","descricao":""},{"ementa":"Designa Gestora do Contrato n\u00b0 124, referente ao Processo Licitat\u00f3rio n\u00ba 178\/2023, Inexigibilidade n\u00ba 016\/2023.","dataAtualizacao":"2026-01-09 09:31:47","dataInicioVigencia":null,"dataFimVigencia":null,"data":"2025-12-22","numero":16202,"categoria":"Portaria","situacao":"Em vigor","descricao":""},{"ementa":"Convalida a Portaria Municipal n\u00ba 15.658, de 27 de maio de 2025, que estabeleceu novo Hor\u00e1rio de Trabalho para Rafael Dias Martins, Procurador Jur\u00eddico, nos termos do art. 22 do Decreto Municipal n\u00ba 4.865, de 15 de setembro de 2025.","dataAtualizacao":"2026-01-09 09:31:13","dataInicioVigencia":null,"dataFimVigencia":null,"data":"2025-12-22","numero":16201,"categoria":"Portaria","situacao":"Em vigor","descricao":""},{"ementa":"Designa Caio Eduardo Silva para responder pela fun\u00e7\u00e3o comissionada de Chefe de Divis\u00e3o de Manuten\u00e7\u00e3o e Limpeza de Pr\u00e9dios P\u00fablicos.","dataAtualizacao":"2026-01-09 09:30:31","dataInicioVigencia":null,"dataFimVigencia":null,"data":"2025-12-22","numero":16200,"categoria":"Portaria","situacao":"Em vigor","descricao":""},{"ementa":"Abre no or\u00e7amento vigente cr\u00e9dito adicional suplementar no valor de R$ 1.311.500,00 e da outras provid\u00eancias.","dataAtualizacao":"2026-01-09 12:33:43","dataInicioVigencia":null,"dataFimVigencia":null,"data":"2025-12-18","numero":4920,"categoria":"Decreto","situacao":"Em vigor","descricao":""},{"ementa":"Disp\u00f5e sobre a renomea\u00e7\u00e3o dos membros do Conselho Municipal de Assist\u00eancia Social \u2013 COMASI e d\u00e1 outras provid\u00eancias.","dataAtualizacao":"2026-01-09 12:03:00","dataInicioVigencia":null,"dataFimVigencia":null,"data":"2025-12-18","numero":4919,"categoria":"Decreto","situacao":"Em vigor","descricao":""}]}