{"dados":[{"titulo":"PLANO DE TRABALHO IMPLANTACAO RESIDENCIA INCLUSIVA","dataAtualizacao":"2026-04-23 13:35:28","data":"2026-04-22","categoria":"Terceiro Setor","descricao":"ARQUIVO I - PLANO DE TRABALHO"},{"titulo":"1\u00ba ADITIVO TERMO DE CONV\u00caNIO N\u00ba 01\/2025 - PLANO OPERATIVO SUS","dataAtualizacao":"2026-03-24 10:46:55","data":"2026-03-19","categoria":"Terceiro Setor","descricao":"ARQUIVO I - PLANO DE TRABALHO"},{"titulo":"TERMO DE FOMENTO N\u00ba 10\/2025 - CRAQUES DO FUTURO - 4\u00ba CLASSIFICADO NO CHAMAMENTO P\u00daBLICO N\u00ba 01\/2025","dataAtualizacao":"2026-04-24 16:08:39","data":"2026-03-16","categoria":"Terceiro Setor","descricao":"ARQUIVO I - PLANO DE TRABALHO<br \/>\r\n\u200bARQUIVO II - TERMO DE FOMENTO"},{"titulo":"TERMO DE FOMENTO N\u00ba 09\/2025- BALLET PASSOS DO FUTURO - 3\u00ba CLASSIFICADO CHAMAMENTO P\u00daBLICO N\u00ba 01\/2025","dataAtualizacao":"2026-03-30 15:00:12","data":"2026-03-12","categoria":"Terceiro Setor","descricao":"ARQUIVO I - PLANO DE TRABALHO<br \/>\r\n\u200bARQUIVO II - TERMO DE FOMENTO"},{"titulo":"TERMO DE FOMENTO N\u00ba 06-2025 - EMENDA PARLAMENTAR ESTADUAL 2025.033.71958","dataAtualizacao":"2026-03-10 14:23:45","data":"2026-03-09","categoria":"Terceiro Setor","descricao":"ARQUIVO I - PLANO DE TRABALHO&nbsp;<br \/>\r\nARQUIVO II - TERMO DE FOMENTO"},{"titulo":"TERMO DE FOMENTO N\u00ba 05-2025 - EMENDA PARLAMENTAR ESTADUAL 202503065242","dataAtualizacao":"2026-03-10 14:27:05","data":"2026-02-23","categoria":"Terceiro Setor","descricao":"ARQUIVO I - PLANO DE TRABALHO&nbsp;&nbsp;<br \/>\r\nARQUIVO II - TERMO DE FOMENTO"},{"titulo":"TERMO DE FOMENTO N\u00ba 07\/2025 -PROJETO ATELI\u00ca DE ARTES - 1\u00ba CLASSIFICADO CHAMAMENTO P\u00daBLICO N\u00ba 01\/2025","dataAtualizacao":"2026-03-30 14:55:19","data":"2026-02-09","categoria":"Terceiro Setor","descricao":"ARQUIVO I - PLANO DE TRABALHO<br \/>\r\nARQUIVO II - TERMO DE FOMENTO"},{"titulo":"TERMO DE FOMENTO N\u00ba 11-2025 - EDUCA\u00c7\u00c3O INTEGRAL 1\u00aa INF\u00c2NCIA","dataAtualizacao":"2026-03-10 14:44:09","data":"2026-02-06","categoria":"Terceiro Setor","descricao":"ARQUIVO I - PLANO DE TRABALHO<br \/>\r\nARQUIVO II - EDITAL DE INEXIGIBILIDADE<br \/>\r\nARQUIVO III - TERMO DE FOMENTO"},{"titulo":"TERMO DE FOMENTO N\u00ba 03-2025 - PROJETO AGENDA CULTURAL 2026","dataAtualizacao":"2026-03-10 14:47:09","data":"2026-01-21","categoria":"Terceiro Setor","descricao":"ARQUIVO I - PLANO DE TRABALHO<br \/>\r\nARQUIVO II - TERMO DE FOMENTO&nbsp;"},{"titulo":"TERMO DE COLABORA\u00c7\u00c3O N\u00ba 02\/2025 - ATEN\u00c7\u00c3O PSICOSSOCIAL","dataAtualizacao":"2026-02-20 10:49:56","data":"2025-07-15","categoria":"Terceiro Setor","descricao":"ARQUIVO I - PLANO DE TRABALHO<br \/>\r\nARQUIVO II - TERMO DE COLABORA&Ccedil;&Atilde;O"},{"titulo":"TERMO DE COLABORA\u00c7\u00c3O N\u00ba 01\/2025 -  ATEN\u00c7\u00c3O B\u00c1SICA E ESTRAT\u00c9GIA DE SA\u00daDE DA FAM\u00cdLIA","dataAtualizacao":"2026-02-20 10:52:03","data":"2025-06-10","categoria":"Terceiro Setor","descricao":"ARQUIVO I - PLANO DE TRABALHO<br \/>\r\nARQUIVO II - TERMO DE COLABORA&Ccedil;&Atilde;O"},{"titulo":"TERMO DE FOMENTO N\u00ba 02\/2025 -  EMENDAS PARLAMENTARES","dataAtualizacao":"2026-02-20 11:15:13","data":"2025-04-14","categoria":"Terceiro Setor","descricao":"ARQUIVO I - PLANO DE TRABALHO<br \/>\r\nARQUIVO II - TERMO DE FOMENTO"}]}